{"id":58762,"date":"2023-09-20T06:59:01","date_gmt":"2023-09-20T10:59:01","guid":{"rendered":"https:\/\/jms.com.bo\/mediamonitor\/2023\/09\/20\/casegural-anuncia-paro-de-24-horas-en-la-cns\/"},"modified":"2023-09-20T06:59:01","modified_gmt":"2023-09-20T10:59:01","slug":"casegural-anuncia-paro-de-24-horas-en-la-cns","status":"publish","type":"post","link":"https:\/\/jms.com.bo\/mediamonitor\/2023\/09\/20\/casegural-anuncia-paro-de-24-horas-en-la-cns\/","title":{"rendered":"Casegural anuncia paro de 24 horas en la CNS"},"content":{"rendered":"<p style=\"text-align: justify;\">Ante la falta de medicamentos e insumos en los centros de la Caja Nacional de Salud (CNS), la secretaria ejecutiva del Sindicato \u00danico de Trabajadores de Seguridad Social de la Caja Nacional de Salud, Regional La Paz (Casegural), Miriam P\u00e9rez, anunci\u00f3 un paro de 24 horas con movilizaciones para este martes.<\/p>\n<p style=\"text-align: justify;\">\u201cEl d\u00eda de ma\u00f1ana (martes), nosotros estamos entrando al paro de 24 horas con movilizaciones y luego vamos a ver si el gerente pone las cosas claras y aclara la situaci\u00f3n\u201d, se\u00f1al{o la representante.<\/p>\n<p style=\"text-align: justify;\">Sostuvo que el administrador Regional de La Paz, Rub\u00e9n Mamani, adquiri\u00f3 insumos m\u00e9dicos que no cumplen con la documentaci\u00f3n correspondiente. Por tanto, piden la destituci\u00f3n de su cargo.<\/p>\n<p style=\"text-align: justify;\">\u201cNo hay medicamentos, no hay insumos m\u00e9dicos. Los medicamentos el a\u00f1o pasado deber\u00edan ser licitados, lamentablemente no han sido licitados por eso es la carencia de los medicamentos. Se han comprado barbijos Nk-97 que en este momento no es \u00fatil, equipos de Santiago II que no han sido comprados regularmente\u201d, detall\u00f3 P\u00e9rez.<\/p>\n<p style=\"text-align: justify;\">Tambi\u00e9n explic\u00f3 que hay cinco ambulancias que no tienen la correspondiente documentaci\u00f3n y que se realizaron compras de algunos implementos que no son urgentes, en tanto no se adquirieron medicamentos suficientes para los asegurados.<\/p>\n<p style=\"text-align: justify;\">\u201cLa documentaci\u00f3n no han salido con sus pies de la caja nacional, de la regional La Paz y estas cosas son pruebas de toda la corrupci\u00f3n y de toda la mala administraci\u00f3n que se est\u00e1 realizando\u201d, puntualiz\u00f3.<\/p>\n<p style=\"text-align: justify;\">Asegur\u00f3 que los pacientes dejan las recetas de medicamentos que no encuentran en las farmacias de la instituci\u00f3n, y que los asegurados no reciben una atenci\u00f3n adecuada.<\/p>\n","protected":false},"excerpt":{"rendered":"<p>Ante la falta de medicamentos e insumos en los centros de la Caja Nacional de Salud (CNS), la secretaria ejecutiva del Sindicato \u00danico de Trabajadores de Seguridad Social de la Caja Nacional de Salud, Regional La Paz (Casegural), Miriam P\u00e9rez, anunci\u00f3 un paro de 24 horas con movilizaciones para este martes. \u201cEl d\u00eda de ma\u00f1ana [&hellip;]<\/p>\n","protected":false},"author":4,"featured_media":58763,"comment_status":"open","ping_status":"closed","sticky":false,"template":"","format":"standard","meta":{"footnotes":""},"categories":[53],"tags":[],"class_list":{"0":"post-58762","1":"post","2":"type-post","3":"status-publish","4":"format-standard","5":"has-post-thumbnail","7":"category-salud"},"_links":{"self":[{"href":"https:\/\/jms.com.bo\/mediamonitor\/wp-json\/wp\/v2\/posts\/58762","targetHints":{"allow":["GET"]}}],"collection":[{"href":"https:\/\/jms.com.bo\/mediamonitor\/wp-json\/wp\/v2\/posts"}],"about":[{"href":"https:\/\/jms.com.bo\/mediamonitor\/wp-json\/wp\/v2\/types\/post"}],"author":[{"embeddable":true,"href":"https:\/\/jms.com.bo\/mediamonitor\/wp-json\/wp\/v2\/users\/4"}],"replies":[{"embeddable":true,"href":"https:\/\/jms.com.bo\/mediamonitor\/wp-json\/wp\/v2\/comments?post=58762"}],"version-history":[{"count":0,"href":"https:\/\/jms.com.bo\/mediamonitor\/wp-json\/wp\/v2\/posts\/58762\/revisions"}],"wp:featuredmedia":[{"embeddable":true,"href":"https:\/\/jms.com.bo\/mediamonitor\/wp-json\/wp\/v2\/media\/58763"}],"wp:attachment":[{"href":"https:\/\/jms.com.bo\/mediamonitor\/wp-json\/wp\/v2\/media?parent=58762"}],"wp:term":[{"taxonomy":"category","embeddable":true,"href":"https:\/\/jms.com.bo\/mediamonitor\/wp-json\/wp\/v2\/categories?post=58762"},{"taxonomy":"post_tag","embeddable":true,"href":"https:\/\/jms.com.bo\/mediamonitor\/wp-json\/wp\/v2\/tags?post=58762"}],"curies":[{"name":"wp","href":"https:\/\/api.w.org\/{rel}","templated":true}]}}