{"id":58766,"date":"2023-09-20T07:03:07","date_gmt":"2023-09-20T11:03:07","guid":{"rendered":"https:\/\/jms.com.bo\/mediamonitor\/2023\/09\/20\/el-gobierno-argentino-destraba-la-importacion-de-banano-boliviano\/"},"modified":"2023-09-20T07:03:07","modified_gmt":"2023-09-20T11:03:07","slug":"el-gobierno-argentino-destraba-la-importacion-de-banano-boliviano","status":"publish","type":"post","link":"https:\/\/jms.com.bo\/mediamonitor\/2023\/09\/20\/el-gobierno-argentino-destraba-la-importacion-de-banano-boliviano\/","title":{"rendered":"El Gobierno argentino destraba la importaci\u00f3n de banano boliviano"},"content":{"rendered":"<p style=\"text-align: justify;\">Argentina reanud\u00f3 desde ayer las importaciones de banano boliviano despu\u00e9s del compromiso asumido el viernes de la semana pasado por el Gobierno de Alberto Fern\u00e1ndez, lo que a su vez permitir\u00e1 que, paulatinamente, se proceda al pago de la deuda de casi 7 millones de d\u00f3lares que tienen empresarios del vecino pa\u00eds con los exportadores del tr\u00f3pico de Cochabamba, inform\u00f3 una fuente oficial.<\/p>\n<p style=\"text-align: justify;\">El gerente general de la C\u00e1mara Agropecuaria de Cochabamba (CAC), Rolando Morales, dijo que desde el lunes se est\u00e1 cumpliendo el compromiso del secretario argentino de Comercio, Mat\u00edas Tombolini, de regularizar las autorizaciones para importar banano boliviano.<\/p>\n<p style=\"text-align: justify;\">Estas autorizaciones, otorgadas a trav\u00e9s del SIRA (Sistema de Importaciones de la Rep\u00fablica Argentina), fueron suspendidas despu\u00e9s de las elecciones primarias celebradas en mayo pasado en el vecino pa\u00eds.<\/p>\n<p style=\"text-align: justify;\">\u201cEl secretario Tombolini se comprometi\u00f3 a hacer una diligencia especial en favor del sector bananero, que es uno de los sectores que m\u00e1s divisas genera para el departamento de Cochabamba despu\u00e9s del gas y la urea\u201d, puntualiz\u00f3 Morales.<\/p>\n<p style=\"text-align: justify;\">Mencion\u00f3 que, paralelamente, el Gobierno argentino recibir\u00e1 los recursos econ\u00f3micos de los importadores de banano para comenzar a pagar las facturas pendientes a los exportadores bolivianos, que desde hace seis meses esperan acceder a esos recursos para cubrir sus deudas con los proveedores de insumos, transportistas y otros que forman parte de la cadena productiva de esa fruta.<\/p>\n<p style=\"text-align: justify;\">\u201cLos pagos se van a ir dando paulatinamente en funci\u00f3n del cumplimiento de documentos que deben presentar los importadores argentinos de banano boliviano a la Secretar\u00eda de Comercio\u201d, complement\u00f3.<\/p>\n<p style=\"text-align: justify;\">Reuniones<\/p>\n<p style=\"text-align: justify;\">El gerente general de CAC inform\u00f3 que hubo varias reuniones con los importadores en Buenos Aires, Argentina, en las cuales ellos expresaron su inter\u00e9s de seguir comprando banano boliviano.<\/p>\n<p style=\"text-align: justify;\">Es en ese marco \u2014sostuvo\u2014, se ha hecho saber a los importadores que octubre, noviembre, diciembre y enero son los meses de mayor producci\u00f3n de banano en los cinco municipios del tr\u00f3pico de Cochabamba.<\/p>\n<p style=\"text-align: justify;\">Se estima que durante este periodo de tiempo se exportar\u00e1 al mercado argentino alrededor de 80 mil toneladas de banano de las 170 mil que se despacha cada a\u00f1o, puntualiz\u00f3 Morales.<\/p>\n<p style=\"text-align: justify;\">Manifest\u00f3 que la producci\u00f3n boliviana compite actualmente con la banana ecuatoriana y paraguaya, esta \u00faltima ingres\u00f3 con mucha fuerza al mercado argentino, lo cual est\u00e1 obligando a los bananeros del tr\u00f3pico a realizar mayores esfuerzos a fin de mejorar a\u00fan m\u00e1s la calidad de la fruta.<\/p>\n<p style=\"text-align: justify;\">\u201cNosotros lo que queremos es mantener el mercado y ampliar las ventas. Argentina es un mercado muy grande, son 35 millones de habitantes (que hay en ese pa\u00eds) y estamos compitiendo a diario con la banana ecuatoriana y paraguaya, que est\u00e1 entrando fuertemente tambi\u00e9n\u201d, enfatiz\u00f3.<\/p>\n<p style=\"text-align: justify;\">\n","protected":false},"excerpt":{"rendered":"<p>Argentina reanud\u00f3 desde ayer las importaciones de banano boliviano despu\u00e9s del compromiso asumido el viernes de la semana pasado por el Gobierno de Alberto Fern\u00e1ndez, lo que a su vez permitir\u00e1 que, paulatinamente, se proceda al pago de la deuda de casi 7 millones de d\u00f3lares que tienen empresarios del vecino pa\u00eds con los exportadores [&hellip;]<\/p>\n","protected":false},"author":4,"featured_media":58767,"comment_status":"open","ping_status":"closed","sticky":false,"template":"","format":"standard","meta":{"footnotes":""},"categories":[52],"tags":[],"class_list":{"0":"post-58766","1":"post","2":"type-post","3":"status-publish","4":"format-standard","5":"has-post-thumbnail","7":"category-alimentos-agroindustria"},"_links":{"self":[{"href":"https:\/\/jms.com.bo\/mediamonitor\/wp-json\/wp\/v2\/posts\/58766","targetHints":{"allow":["GET"]}}],"collection":[{"href":"https:\/\/jms.com.bo\/mediamonitor\/wp-json\/wp\/v2\/posts"}],"about":[{"href":"https:\/\/jms.com.bo\/mediamonitor\/wp-json\/wp\/v2\/types\/post"}],"author":[{"embeddable":true,"href":"https:\/\/jms.com.bo\/mediamonitor\/wp-json\/wp\/v2\/users\/4"}],"replies":[{"embeddable":true,"href":"https:\/\/jms.com.bo\/mediamonitor\/wp-json\/wp\/v2\/comments?post=58766"}],"version-history":[{"count":0,"href":"https:\/\/jms.com.bo\/mediamonitor\/wp-json\/wp\/v2\/posts\/58766\/revisions"}],"wp:featuredmedia":[{"embeddable":true,"href":"https:\/\/jms.com.bo\/mediamonitor\/wp-json\/wp\/v2\/media\/58767"}],"wp:attachment":[{"href":"https:\/\/jms.com.bo\/mediamonitor\/wp-json\/wp\/v2\/media?parent=58766"}],"wp:term":[{"taxonomy":"category","embeddable":true,"href":"https:\/\/jms.com.bo\/mediamonitor\/wp-json\/wp\/v2\/categories?post=58766"},{"taxonomy":"post_tag","embeddable":true,"href":"https:\/\/jms.com.bo\/mediamonitor\/wp-json\/wp\/v2\/tags?post=58766"}],"curies":[{"name":"wp","href":"https:\/\/api.w.org\/{rel}","templated":true}]}}