{"id":58770,"date":"2023-09-20T07:07:36","date_gmt":"2023-09-20T11:07:36","guid":{"rendered":"https:\/\/jms.com.bo\/mediamonitor\/2023\/09\/20\/en-el-pais-19-municipios-se-declararon-en-emergencia-por-la-sequia\/"},"modified":"2023-09-20T07:07:36","modified_gmt":"2023-09-20T11:07:36","slug":"en-el-pais-19-municipios-se-declararon-en-emergencia-por-la-sequia","status":"publish","type":"post","link":"https:\/\/jms.com.bo\/mediamonitor\/2023\/09\/20\/en-el-pais-19-municipios-se-declararon-en-emergencia-por-la-sequia\/","title":{"rendered":"En el pa\u00eds, 19 municipios se declararon en emergencia por la sequ\u00eda"},"content":{"rendered":"<p style=\"text-align: justify;\">Con el paso de los d\u00edas, la preocupaci\u00f3n crece. La falta de lluvias y la consiguiente amenaza a las reservas de agua ya ha llevado a 19 municipios del pa\u00eds a declararse en emergencia, de manera oficial, por la sequ\u00eda.<\/p>\n<p style=\"text-align: justify;\">\u201cSe tiene 19 municipios declarados en estado de emergencia en todo el territorio nacional, seis de ellos son en Chuquisaca, est\u00e1n en Cochabamba; Oruro, uno, etc\u00e9tera, pero en total son 19\u201d, report\u00f3 el viceministro de Medio Ambiente, Mag\u00edn Herrera.<\/p>\n<p style=\"text-align: justify;\">La declaratoria de emergencia o alerta se\u00f1ala que la regi\u00f3n afectada requiere de ayuda de un nivel superior de gobierno, dado que la situaci\u00f3n que enfrenta es aguda. El lunes, el departamento de Oruro se declar\u00f3 en desastre por la sequ\u00eda y Chuquisaca ya hizo su declaratoria de emergencia mediante su Gobernaci\u00f3n.<\/p>\n<p style=\"text-align: justify;\">En tanto, las lluvias intensas a\u00fan se hacen esperar. El Servicio Nacional de Meteorolog\u00eda e Hidrolog\u00eda (Senamhi) inform\u00f3 este martes que las precipitaciones estar\u00e1n por debajo de lo normal a\u00fan hasta diciembre, un problema que se arrastra desde el a\u00f1o pasado.<\/p>\n<p style=\"text-align: justify;\">Las regiones en emergencia aumentan, mientras que el panorama a\u00fan no es demasiado alentador.<\/p>\n<p style=\"text-align: justify;\">\u201cTodav\u00eda no estamos entrando en la etapa cr\u00edtica, porque esta temporalidad comprendida entre los meses de septiembre, octubre, noviembre particularmente es una temporada normal, habitual de escasez de lluvias en el altiplano boliviano particularmente; sin embargo, necesitamos ya que el cambio clim\u00e1tico sea favorable para la agricultura\u201d, dijo Herrera.<\/p>\n<p style=\"text-align: justify;\">La autoridad indic\u00f3 que el Gobierno est\u00e1 en permanente contacto con las unidades de riesgo de los municipios. \u201cAl no tener estos comportamientos favorables, por supuesto que tiene que ser una preocupaci\u00f3n\u201d, afirm\u00f3 el viceministro.<\/p>\n","protected":false},"excerpt":{"rendered":"<p>Con el paso de los d\u00edas, la preocupaci\u00f3n crece. La falta de lluvias y la consiguiente amenaza a las reservas de agua ya ha llevado a 19 municipios del pa\u00eds a declararse en emergencia, de manera oficial, por la sequ\u00eda. \u201cSe tiene 19 municipios declarados en estado de emergencia en todo el territorio nacional, seis [&hellip;]<\/p>\n","protected":false},"author":4,"featured_media":58771,"comment_status":"open","ping_status":"closed","sticky":false,"template":"","format":"standard","meta":{"footnotes":""},"categories":[49],"tags":[],"class_list":{"0":"post-58770","1":"post","2":"type-post","3":"status-publish","4":"format-standard","5":"has-post-thumbnail","7":"category-social"},"_links":{"self":[{"href":"https:\/\/jms.com.bo\/mediamonitor\/wp-json\/wp\/v2\/posts\/58770","targetHints":{"allow":["GET"]}}],"collection":[{"href":"https:\/\/jms.com.bo\/mediamonitor\/wp-json\/wp\/v2\/posts"}],"about":[{"href":"https:\/\/jms.com.bo\/mediamonitor\/wp-json\/wp\/v2\/types\/post"}],"author":[{"embeddable":true,"href":"https:\/\/jms.com.bo\/mediamonitor\/wp-json\/wp\/v2\/users\/4"}],"replies":[{"embeddable":true,"href":"https:\/\/jms.com.bo\/mediamonitor\/wp-json\/wp\/v2\/comments?post=58770"}],"version-history":[{"count":0,"href":"https:\/\/jms.com.bo\/mediamonitor\/wp-json\/wp\/v2\/posts\/58770\/revisions"}],"wp:featuredmedia":[{"embeddable":true,"href":"https:\/\/jms.com.bo\/mediamonitor\/wp-json\/wp\/v2\/media\/58771"}],"wp:attachment":[{"href":"https:\/\/jms.com.bo\/mediamonitor\/wp-json\/wp\/v2\/media?parent=58770"}],"wp:term":[{"taxonomy":"category","embeddable":true,"href":"https:\/\/jms.com.bo\/mediamonitor\/wp-json\/wp\/v2\/categories?post=58770"},{"taxonomy":"post_tag","embeddable":true,"href":"https:\/\/jms.com.bo\/mediamonitor\/wp-json\/wp\/v2\/tags?post=58770"}],"curies":[{"name":"wp","href":"https:\/\/api.w.org\/{rel}","templated":true}]}}