{"id":58772,"date":"2023-09-20T07:09:08","date_gmt":"2023-09-20T11:09:08","guid":{"rendered":"https:\/\/jms.com.bo\/mediamonitor\/2023\/09\/20\/en-el-mes-de-santa-cruz-diputada-denuncia-deforestacion-y-avasallamientos-impulsados-por-el-centralismo\/"},"modified":"2023-09-20T07:09:08","modified_gmt":"2023-09-20T11:09:08","slug":"en-el-mes-de-santa-cruz-diputada-denuncia-deforestacion-y-avasallamientos-impulsados-por-el-centralismo","status":"publish","type":"post","link":"https:\/\/jms.com.bo\/mediamonitor\/2023\/09\/20\/en-el-mes-de-santa-cruz-diputada-denuncia-deforestacion-y-avasallamientos-impulsados-por-el-centralismo\/","title":{"rendered":"En el mes de Santa Cruz, diputada denuncia deforestaci\u00f3n y avasallamientos impulsados por el centralismo"},"content":{"rendered":"<p style=\"text-align: justify;\">Durante los actos protocolares de celebraci\u00f3n del aniversario de Santa Cruz, organizados por la Brigada Parlamentaria cruce\u00f1a, la diputada Mar\u00eda Ren\u00e9 \u00c1lvarez denunci\u00f3 dos problem\u00e1ticas que son impulsadas desde el centralismo contra el oriente, Chiquitan\u00eda y Amazon\u00eda del pa\u00eds: la deforestaci\u00f3n y los avasallamientos.<\/p>\n<p style=\"text-align: justify;\">La diputada cruce\u00f1a particip\u00f3 de los actos conmemorativos por el grito independentistas del 24 de septiembre de 1810, y rescat\u00f3 el valor de la poblaci\u00f3n cruce\u00f1a que contin\u00faa con su desarrollo, pese a las trabas del sistema centralista, pero tambi\u00e9n lament\u00f3 que el verde de la bandera de Santa Cruz, que representa la riqueza natural del departamento, hoy se ve afectada por esos dos males se\u00f1alados.<\/p>\n<p style=\"text-align: justify;\">Sobre la deforestaci\u00f3n, \u00c1lvarez cit\u00f3 el reciente informe de la Fundaci\u00f3n Amigos de la Naturaleza (FAN), que confirm\u00f3 que entre 2011 y 2022, en Bolivia se alcanz\u00f3 una p\u00e9rdida de la cobertura boscosa del 37%, siendo Santa Cruz el departamento m\u00e1s afectado con 20% de deforestaci\u00f3n. Y dentro del departamento es el bosque chiquitano el que m\u00e1s p\u00e9rdidas registra con 30% de hect\u00e1reas en San Ignacio, San Rafael, San Jos\u00e9 de Chiquitos, Robor\u00e9, San Miguel, Carmen Rivero Torrez, Concepci\u00f3n, adem\u00e1s de Charagua y Guarayos.<\/p>\n<p style=\"text-align: justify;\">\u201cTodos estos datos objetivos, medibles y comprobables confirman que las pol\u00edticas de supuesta \u201cdefensa de la Madre Tierra\u201d que manej\u00f3 el MAS desde su llegada al poder, solo fue y es un discurso populista y demagogo, porque en los hechos Bolivia con sus \u00e1reas protegidas y sus bosques est\u00e1 peor que nunca, rumbo a un desastre ambiental irreparable\u201d, dijo.<\/p>\n<p style=\"text-align: justify;\">En cuanto a los avasallamientos, la diputada calific\u00f3 las \u00abacciones coordinadas del r\u00e9gimen del MAS y sus grupos corporativos de los denominados interculturales, como una neo colonizaci\u00f3n interna para tomar Santa Cruz\u00bb.<\/p>\n<p style=\"text-align: justify;\">Como ejemplo de este avance violento de los avasalladores sobre territorio cruce\u00f1o, la diputada ejemplific\u00f3 los casos sucedidos entre 2021 y 2022 con las tomas en San Ignacio, Bajo Paragu\u00e1 y Guarayos.<\/p>\n<p style=\"text-align: justify;\">En ese sentido, tambi\u00e9n alert\u00f3 que los avasalladores act\u00faan sobre todo contra los pueblos ind\u00edgenas de tierras bajas, ingresando a los parques nacionales y reservas forestales.<\/p>\n<p style=\"text-align: justify;\">\u201cNuestra labor de fiscalizaci\u00f3n y el registro que llevamos de cada caso desde el Comit\u00e9 de Medio Ambiente de la C\u00e1mara de Diputados, servir\u00e1 en un futuro para llevar la voz de los pueblos y comunidades avasalladas a estrados internacionales, donde se desnudar\u00e1 el falso discurso del MAS que se convirti\u00f3 en el principal enemigo de los pueblos ind\u00edgenas de tierras bajas\u201d.<\/p>\n","protected":false},"excerpt":{"rendered":"<p>Durante los actos protocolares de celebraci\u00f3n del aniversario de Santa Cruz, organizados por la Brigada Parlamentaria cruce\u00f1a, la diputada Mar\u00eda Ren\u00e9 \u00c1lvarez denunci\u00f3 dos problem\u00e1ticas que son impulsadas desde el centralismo contra el oriente, Chiquitan\u00eda y Amazon\u00eda del pa\u00eds: la deforestaci\u00f3n y los avasallamientos. La diputada cruce\u00f1a particip\u00f3 de los actos conmemorativos por el grito [&hellip;]<\/p>\n","protected":false},"author":4,"featured_media":58773,"comment_status":"open","ping_status":"closed","sticky":false,"template":"","format":"standard","meta":{"footnotes":""},"categories":[49],"tags":[],"class_list":{"0":"post-58772","1":"post","2":"type-post","3":"status-publish","4":"format-standard","5":"has-post-thumbnail","7":"category-social"},"_links":{"self":[{"href":"https:\/\/jms.com.bo\/mediamonitor\/wp-json\/wp\/v2\/posts\/58772","targetHints":{"allow":["GET"]}}],"collection":[{"href":"https:\/\/jms.com.bo\/mediamonitor\/wp-json\/wp\/v2\/posts"}],"about":[{"href":"https:\/\/jms.com.bo\/mediamonitor\/wp-json\/wp\/v2\/types\/post"}],"author":[{"embeddable":true,"href":"https:\/\/jms.com.bo\/mediamonitor\/wp-json\/wp\/v2\/users\/4"}],"replies":[{"embeddable":true,"href":"https:\/\/jms.com.bo\/mediamonitor\/wp-json\/wp\/v2\/comments?post=58772"}],"version-history":[{"count":0,"href":"https:\/\/jms.com.bo\/mediamonitor\/wp-json\/wp\/v2\/posts\/58772\/revisions"}],"wp:featuredmedia":[{"embeddable":true,"href":"https:\/\/jms.com.bo\/mediamonitor\/wp-json\/wp\/v2\/media\/58773"}],"wp:attachment":[{"href":"https:\/\/jms.com.bo\/mediamonitor\/wp-json\/wp\/v2\/media?parent=58772"}],"wp:term":[{"taxonomy":"category","embeddable":true,"href":"https:\/\/jms.com.bo\/mediamonitor\/wp-json\/wp\/v2\/categories?post=58772"},{"taxonomy":"post_tag","embeddable":true,"href":"https:\/\/jms.com.bo\/mediamonitor\/wp-json\/wp\/v2\/tags?post=58772"}],"curies":[{"name":"wp","href":"https:\/\/api.w.org\/{rel}","templated":true}]}}