{"id":58774,"date":"2023-09-20T07:10:40","date_gmt":"2023-09-20T11:10:40","guid":{"rendered":"https:\/\/jms.com.bo\/mediamonitor\/2023\/09\/20\/cusicanqui-convence-a-pobladores-de-buena-vista-y-se-levanta-bloqueo\/"},"modified":"2023-09-20T07:10:40","modified_gmt":"2023-09-20T11:10:40","slug":"cusicanqui-convence-a-pobladores-de-buena-vista-y-se-levanta-bloqueo","status":"publish","type":"post","link":"https:\/\/jms.com.bo\/mediamonitor\/2023\/09\/20\/cusicanqui-convence-a-pobladores-de-buena-vista-y-se-levanta-bloqueo\/","title":{"rendered":"Cusicanqui convence a pobladores de Buena Vista y se levanta bloqueo"},"content":{"rendered":"<p style=\"text-align: justify;\">Tras varias horas de reuni\u00f3n, el ministro de Planificaci\u00f3n, Sergio Cusicanqui, logr\u00f3 convencer este martes a los comunarios de Buena Vista para que levanten el bloqueo en la carretera troncal Santa Cruz-Cochabamba.<\/p>\n<p style=\"text-align: justify;\">Cusicanqui lleg\u00f3 a Buena Vista cerca de las 15.00 y se reuni\u00f3 con representantes del sector movilizado hasta horas de la noche. Les hizo conocer la decisi\u00f3n de realizar un estudio internacional; para ver la viabilidad de la carretera Las Cruces-Buena Vista.<\/p>\n<p style=\"text-align: justify;\">Tras presentar la propuesta a las bases, los bloqueadores aceptaron levantar la medida.<\/p>\n<p style=\"text-align: justify;\">El ministro plante\u00f3 cinco propuestas: la primera indica que el Ministerio de Planificaci\u00f3n informar\u00e1 a los comunarios en qu\u00e9 consiste el estudio internacional para definir la factibilidad del mejor trazo carretero.<\/p>\n<p style=\"text-align: justify;\">La segunda se\u00f1ala que, durante la ejecuci\u00f3n, la Administradora Boliviana de Carreteras (ABC) realizar\u00e1 un mantenimiento del tramo Buena Vista-Santa Fe del Ambor\u00f3.<\/p>\n<p style=\"text-align: justify;\">El tercer punto detalla que la Gobernaci\u00f3n de Santa Cruz debe aceptar los resultados del estudio internacional. En la cuarta determinaci\u00f3n se indica que el Gobierno iniciar\u00e1 la contrataci\u00f3n para realizar el estudio internacional en un plazo de tres meses.<\/p>\n<p style=\"text-align: justify;\">En el \u00faltimo punto, las organizaciones sociales expresan su determinaci\u00f3n de levantar el bloqueo.<\/p>\n<p style=\"text-align: justify;\">El bloqueo de la ruta a Buena Vista cumpli\u00f3 este martes 16 d\u00edas interrumpidos, con dos cuartos intermedios.<\/p>\n","protected":false},"excerpt":{"rendered":"<p>Tras varias horas de reuni\u00f3n, el ministro de Planificaci\u00f3n, Sergio Cusicanqui, logr\u00f3 convencer este martes a los comunarios de Buena Vista para que levanten el bloqueo en la carretera troncal Santa Cruz-Cochabamba. Cusicanqui lleg\u00f3 a Buena Vista cerca de las 15.00 y se reuni\u00f3 con representantes del sector movilizado hasta horas de la noche. Les [&hellip;]<\/p>\n","protected":false},"author":4,"featured_media":58775,"comment_status":"open","ping_status":"closed","sticky":false,"template":"","format":"standard","meta":{"footnotes":""},"categories":[49],"tags":[],"class_list":{"0":"post-58774","1":"post","2":"type-post","3":"status-publish","4":"format-standard","5":"has-post-thumbnail","7":"category-social"},"_links":{"self":[{"href":"https:\/\/jms.com.bo\/mediamonitor\/wp-json\/wp\/v2\/posts\/58774","targetHints":{"allow":["GET"]}}],"collection":[{"href":"https:\/\/jms.com.bo\/mediamonitor\/wp-json\/wp\/v2\/posts"}],"about":[{"href":"https:\/\/jms.com.bo\/mediamonitor\/wp-json\/wp\/v2\/types\/post"}],"author":[{"embeddable":true,"href":"https:\/\/jms.com.bo\/mediamonitor\/wp-json\/wp\/v2\/users\/4"}],"replies":[{"embeddable":true,"href":"https:\/\/jms.com.bo\/mediamonitor\/wp-json\/wp\/v2\/comments?post=58774"}],"version-history":[{"count":0,"href":"https:\/\/jms.com.bo\/mediamonitor\/wp-json\/wp\/v2\/posts\/58774\/revisions"}],"wp:featuredmedia":[{"embeddable":true,"href":"https:\/\/jms.com.bo\/mediamonitor\/wp-json\/wp\/v2\/media\/58775"}],"wp:attachment":[{"href":"https:\/\/jms.com.bo\/mediamonitor\/wp-json\/wp\/v2\/media?parent=58774"}],"wp:term":[{"taxonomy":"category","embeddable":true,"href":"https:\/\/jms.com.bo\/mediamonitor\/wp-json\/wp\/v2\/categories?post=58774"},{"taxonomy":"post_tag","embeddable":true,"href":"https:\/\/jms.com.bo\/mediamonitor\/wp-json\/wp\/v2\/tags?post=58774"}],"curies":[{"name":"wp","href":"https:\/\/api.w.org\/{rel}","templated":true}]}}