{"id":58776,"date":"2023-09-20T07:12:34","date_gmt":"2023-09-20T11:12:34","guid":{"rendered":"https:\/\/jms.com.bo\/mediamonitor\/2023\/09\/20\/alfombra-de-cangrejos-muertos-alarma-a-los-comunarios-de-san-jacinto\/"},"modified":"2023-09-20T07:12:34","modified_gmt":"2023-09-20T11:12:34","slug":"alfombra-de-cangrejos-muertos-alarma-a-los-comunarios-de-san-jacinto","status":"publish","type":"post","link":"https:\/\/jms.com.bo\/mediamonitor\/2023\/09\/20\/alfombra-de-cangrejos-muertos-alarma-a-los-comunarios-de-san-jacinto\/","title":{"rendered":"Alfombra de cangrejos muertos alarma a los comunarios de San Jacinto"},"content":{"rendered":"<p style=\"text-align: justify;\">Una alfombra de cangrejos muertos, adem\u00e1s de peces, alarm\u00f3 a los comunarios de San Jacinto Sud, quienes, la ma\u00f1ana del martes 19 de septiembre, se hallaron con ese panorama. Incr\u00e9dulos de lo que ve\u00edan sus ojos, decidieron llamar a las autoridades, que procedieron a tomar muestras para determinar qu\u00e9 pudo provocar la mortandad de esta especie caracter\u00edstica de la capital chapaca y el valle central de Tarija.<\/p>\n<p style=\"text-align: justify;\">Ante la denuncia de la Subcentral de Tolomosa, sobre la masiva muerte de cangrejos, la Alcald\u00eda de Tarija, a trav\u00e9s de la Direcci\u00f3n de Medio Ambiente, lleg\u00f3 hasta el r\u00edo que fluye desde la represa de San Jacinto para iniciar una investigaci\u00f3n.<\/p>\n<p style=\"text-align: justify;\">Los cangrejos muertos<\/p>\n<p style=\"text-align: justify;\">El director de Medio Ambiente, Boris Fern\u00e1ndez, inform\u00f3 que tras un recorrido realizado por la zona encontraron una cantidad considerable de cangrejos muertos, de igual manera, pero en menor cantidad, tambi\u00e9n hallaron peces sin vida\u201cLa verdad que por la cantidad de cangrejos encontrados no pudimos contabilizar. Tras hacer un recorrido de un kil\u00f3metro r\u00edo abajo nos encontramos con los cangrejos y algunos peces sin vida, hicimos la recolecci\u00f3n pertinente para hacer los an\u00e1lisis de laboratorio. Tambi\u00e9n se hizo la recolecci\u00f3n de agua para que sea analizada en coordinaci\u00f3n con la Oficina T\u00e9cnica Nacional de los R\u00edos Pilcomayo y Bermejo. Es la primera vez que vemos esta mortandad masiva, lo que era recurrente es que algunos pescadores usen cal para esta actividad y esto causaba la mortandad de algunos peces\u201d, coment\u00f3 Fern\u00e1ndez<\/p>\n<p style=\"text-align: justify;\">De igual manera, el funcionario indic\u00f3 que se reunir\u00e1 con los responsables de Ende Guaracachi, ya que las personas que acudieron al lugar indicaron que durante el fin de semana hubo un incremento en el nivel del agua para la generaci\u00f3n de energ\u00eda el\u00e9ctrica, lo que pudo haber causado la denominada \u201cborrachera\u201d, por el movimiento del agua, lo cual pudo haber provocado la muerte de los cangrejos.<\/p>\n<p style=\"text-align: justify;\">\u201cAun se manejan diferentes hip\u00f3tesis, podr\u00eda tratarse de un biocidio, como as\u00ed tambi\u00e9n de otros factores, pero todo se develar\u00e1 con los an\u00e1lisis de laboratorio que los tendremos este mi\u00e9rcoles. Con ello determinaremos la causa de la masiva mortandad de cangrejos y peces, y de haber responsables se har\u00e1n las acciones pertinentes\u201d, declar\u00f3 el director de Medio Ambiente de la Alcald\u00eda.<\/p>\n<p style=\"text-align: justify;\">Los an\u00e1lisis ser\u00e1n claves para la investigaci\u00f3n<\/p>\n<p style=\"text-align: justify;\">El director departamental de Gesti\u00f3n de Riesgos de la Gobernaci\u00f3n, Reiner Figueroa, confirm\u00f3 que Codefauna despleg\u00f3 a su personal t\u00e9cnico para coadyuvar en la toma de muestras, que determinar\u00e1 qu\u00e9 pudo haber provocado la muerte de los cangrejos.<\/p>\n<p style=\"text-align: justify;\">Figueroa no quiso adelantar criterios, ya que este hecho pudo ser causado por contaminaci\u00f3n de agroqu\u00edmicos o fertilizantes.<\/p>\n<p style=\"text-align: justify;\">\u201cLos resultados de los an\u00e1lisis determinar\u00e1n qu\u00e9 anomal\u00edas provocaron esta mortandad\u201d, recalc\u00f3.<\/p>\n","protected":false},"excerpt":{"rendered":"<p>Una alfombra de cangrejos muertos, adem\u00e1s de peces, alarm\u00f3 a los comunarios de San Jacinto Sud, quienes, la ma\u00f1ana del martes 19 de septiembre, se hallaron con ese panorama. Incr\u00e9dulos de lo que ve\u00edan sus ojos, decidieron llamar a las autoridades, que procedieron a tomar muestras para determinar qu\u00e9 pudo provocar la mortandad de esta [&hellip;]<\/p>\n","protected":false},"author":4,"featured_media":58777,"comment_status":"open","ping_status":"closed","sticky":false,"template":"","format":"standard","meta":{"footnotes":""},"categories":[20],"tags":[],"class_list":{"0":"post-58776","1":"post","2":"type-post","3":"status-publish","4":"format-standard","5":"has-post-thumbnail","7":"category-actualidad"},"_links":{"self":[{"href":"https:\/\/jms.com.bo\/mediamonitor\/wp-json\/wp\/v2\/posts\/58776","targetHints":{"allow":["GET"]}}],"collection":[{"href":"https:\/\/jms.com.bo\/mediamonitor\/wp-json\/wp\/v2\/posts"}],"about":[{"href":"https:\/\/jms.com.bo\/mediamonitor\/wp-json\/wp\/v2\/types\/post"}],"author":[{"embeddable":true,"href":"https:\/\/jms.com.bo\/mediamonitor\/wp-json\/wp\/v2\/users\/4"}],"replies":[{"embeddable":true,"href":"https:\/\/jms.com.bo\/mediamonitor\/wp-json\/wp\/v2\/comments?post=58776"}],"version-history":[{"count":0,"href":"https:\/\/jms.com.bo\/mediamonitor\/wp-json\/wp\/v2\/posts\/58776\/revisions"}],"wp:featuredmedia":[{"embeddable":true,"href":"https:\/\/jms.com.bo\/mediamonitor\/wp-json\/wp\/v2\/media\/58777"}],"wp:attachment":[{"href":"https:\/\/jms.com.bo\/mediamonitor\/wp-json\/wp\/v2\/media?parent=58776"}],"wp:term":[{"taxonomy":"category","embeddable":true,"href":"https:\/\/jms.com.bo\/mediamonitor\/wp-json\/wp\/v2\/categories?post=58776"},{"taxonomy":"post_tag","embeddable":true,"href":"https:\/\/jms.com.bo\/mediamonitor\/wp-json\/wp\/v2\/tags?post=58776"}],"curies":[{"name":"wp","href":"https:\/\/api.w.org\/{rel}","templated":true}]}}