{"id":58778,"date":"2023-09-20T07:13:57","date_gmt":"2023-09-20T11:13:57","guid":{"rendered":"https:\/\/jms.com.bo\/mediamonitor\/2023\/09\/20\/senamhi-reporta-record-de-altas-temperaturas-en-el-valle-central-de-tarija\/"},"modified":"2023-09-20T07:13:57","modified_gmt":"2023-09-20T11:13:57","slug":"senamhi-reporta-record-de-altas-temperaturas-en-el-valle-central-de-tarija","status":"publish","type":"post","link":"https:\/\/jms.com.bo\/mediamonitor\/2023\/09\/20\/senamhi-reporta-record-de-altas-temperaturas-en-el-valle-central-de-tarija\/","title":{"rendered":"Senamhi reporta r\u00e9cord de altas temperaturas en el Valle Central de Tarija"},"content":{"rendered":"<p style=\"text-align: justify;\">En el Valle Central de Tarija se rompi\u00f3 r\u00e9cord hist\u00f3rico de temperatura m\u00e1xima, cuando el 11 y el 17 del presente mes, el term\u00f3metro marc\u00f3 41 C, seg\u00fan reporte del Senamhi.<\/p>\n<p style=\"text-align: justify;\">La alta temperatura est\u00e1 basada en el registro en las estaciones de Turumayo, San Andr\u00e9s y San Jacinto.<\/p>\n<p style=\"text-align: justify;\">El pasado domingo tambi\u00e9n fue el d\u00eda m\u00e1s caluroso en la regi\u00f3n chaque\u00f1a, principalmente en el municipio de Villa Montes, con 44.5 grados cent\u00edgrados y en la zona alta de Tarija se registr\u00f3 26 grados.<\/p>\n<p style=\"text-align: justify;\">\u00abDebido al fen\u00f3meno El Ni\u00f1o, se tiene masas de aire c\u00e1lido en el hemisferio sur, lo que propicia las temperaturas elevadas\u00bb, sustenta el Senamhi en un informe enviado a EL DEBER.<\/p>\n<p style=\"text-align: justify;\">Agrega que en los siguientes meses se prev\u00e9 que las condiciones de temperatura superficial del mar tengan una tendencia de anomal\u00eda positiva como el inicio del fen\u00f3meno climatol\u00f3gico para consolidarse a finales de este a\u00f1o.<\/p>\n<p style=\"text-align: justify;\">Asimismo, el reporte menciona que a la fecha no se registraron precipitaciones pluviales en ninguna de las tres estaciones del Senamhi en el Valle Central de Tarija que refleja un d\u00e9ficit del 100 por ciento.<\/p>\n<p style=\"text-align: justify;\">Para la regi\u00f3n valluna se tiene un promedio hist\u00f3rico de 10.2 mil\u00edmetros (mm) de lluvias.<\/p>\n<p style=\"text-align: justify;\">En la macrorregi\u00f3n del Chaco tarije\u00f1o se tiene un d\u00e9ficit de precipitaci\u00f3n del 100 por ciento para este mes, cuando es de 9,6 mil\u00edmetros (mm) su valor hist\u00f3rico.<\/p>\n<p style=\"text-align: justify;\">El d\u00e9ficit de precipitaciones pluviales en la zona alta tambi\u00e9n es un 100 por ciento, ya que para este mes es de 5.3 mm el acumulado hist\u00f3rico.<\/p>\n<p style=\"text-align: justify;\">\n","protected":false},"excerpt":{"rendered":"<p>En el Valle Central de Tarija se rompi\u00f3 r\u00e9cord hist\u00f3rico de temperatura m\u00e1xima, cuando el 11 y el 17 del presente mes, el term\u00f3metro marc\u00f3 41 C, seg\u00fan reporte del Senamhi. La alta temperatura est\u00e1 basada en el registro en las estaciones de Turumayo, San Andr\u00e9s y San Jacinto. El pasado domingo tambi\u00e9n fue el [&hellip;]<\/p>\n","protected":false},"author":4,"featured_media":58779,"comment_status":"open","ping_status":"closed","sticky":false,"template":"","format":"standard","meta":{"footnotes":""},"categories":[20],"tags":[],"class_list":{"0":"post-58778","1":"post","2":"type-post","3":"status-publish","4":"format-standard","5":"has-post-thumbnail","7":"category-actualidad"},"_links":{"self":[{"href":"https:\/\/jms.com.bo\/mediamonitor\/wp-json\/wp\/v2\/posts\/58778","targetHints":{"allow":["GET"]}}],"collection":[{"href":"https:\/\/jms.com.bo\/mediamonitor\/wp-json\/wp\/v2\/posts"}],"about":[{"href":"https:\/\/jms.com.bo\/mediamonitor\/wp-json\/wp\/v2\/types\/post"}],"author":[{"embeddable":true,"href":"https:\/\/jms.com.bo\/mediamonitor\/wp-json\/wp\/v2\/users\/4"}],"replies":[{"embeddable":true,"href":"https:\/\/jms.com.bo\/mediamonitor\/wp-json\/wp\/v2\/comments?post=58778"}],"version-history":[{"count":0,"href":"https:\/\/jms.com.bo\/mediamonitor\/wp-json\/wp\/v2\/posts\/58778\/revisions"}],"wp:featuredmedia":[{"embeddable":true,"href":"https:\/\/jms.com.bo\/mediamonitor\/wp-json\/wp\/v2\/media\/58779"}],"wp:attachment":[{"href":"https:\/\/jms.com.bo\/mediamonitor\/wp-json\/wp\/v2\/media?parent=58778"}],"wp:term":[{"taxonomy":"category","embeddable":true,"href":"https:\/\/jms.com.bo\/mediamonitor\/wp-json\/wp\/v2\/categories?post=58778"},{"taxonomy":"post_tag","embeddable":true,"href":"https:\/\/jms.com.bo\/mediamonitor\/wp-json\/wp\/v2\/tags?post=58778"}],"curies":[{"name":"wp","href":"https:\/\/api.w.org\/{rel}","templated":true}]}}