{"id":58780,"date":"2023-09-20T07:15:10","date_gmt":"2023-09-20T11:15:10","guid":{"rendered":"https:\/\/jms.com.bo\/mediamonitor\/2023\/09\/20\/la-falta-de-combustible-en-entre-rios-agudiza-la-escasez-de-agua\/"},"modified":"2023-09-20T07:15:10","modified_gmt":"2023-09-20T11:15:10","slug":"la-falta-de-combustible-en-entre-rios-agudiza-la-escasez-de-agua","status":"publish","type":"post","link":"https:\/\/jms.com.bo\/mediamonitor\/2023\/09\/20\/la-falta-de-combustible-en-entre-rios-agudiza-la-escasez-de-agua\/","title":{"rendered":"La falta de combustible en Entre R\u00edos agudiza la escasez de agua"},"content":{"rendered":"<p style=\"text-align: justify;\">Como si la crisis clim\u00e1tica no fuera suficiente, el municipio de Entre R\u00edos actualmente sufre la falta de combustible, en consecuencia, esto repercute en la dotaci\u00f3n de agua potable, pues no solamente afecta el funcionamiento de las motobombas, sino que tambi\u00e9n perjudica el trabajo de los carros cisternas que trasladan el recurso h\u00eddrico a las comunidades que sufren por la sequ\u00eda.<\/p>\n<p style=\"text-align: justify;\">El alcalde de Entre R\u00edos, Teodoro Suruguay, detall\u00f3 que los efectos del cambio clim\u00e1tico han afectado de gran manera al sector agr\u00edcola. Identific\u00f3 que actualmente en esta regi\u00f3n ya no existen grandes productores, ya que por la crisis clim\u00e1tica la producci\u00f3n se redujo, haciendo que estos se conviertan en peque\u00f1os y medianos productores.<\/p>\n<p style=\"text-align: justify;\">\u201cEl 80% a 90% (de los cultivos agr\u00edcolas) son por riego a bombeo, con bombas de agua, y si no tenemos la gasolina, est\u00e1 complicada la situaci\u00f3n para el productor. El productor peque\u00f1o produce para sobrevivir y con estas temperaturas de 40 a 45 grados en Tarupayo y zonas c\u00e1lidas, es realmente un problema\u201d, manifest\u00f3.<\/p>\n<p style=\"text-align: justify;\">Suruguay advirti\u00f3 que las consecuencias se dan en cadena, pues al escasear el combustible, escasea el agua para riego, lo que repercute en la producci\u00f3n agr\u00edcola, y esto tiene efectos negativos en la econom\u00eda de los productores de la provincia O\u2019Connor.<\/p>\n<p style=\"text-align: justify;\">La autoridad municipal, sin precisar datos exactos sobre el consumo de combustible en este municipio, explic\u00f3 que en promedio se consume una cisterna por d\u00eda, y que la dotaci\u00f3n que est\u00e1 haciendo la Agencia Nacional de Hidrocarburos (ANH) es de tres d\u00edas por semana.<\/p>\n<p style=\"text-align: justify;\">\u201cAll\u00e1 todo funciona (con combustible), hay tractores, maquinaria, entonces esta situaci\u00f3n nos afecta. Vamos a hacer lo que tenga que decidir el Comit\u00e9 C\u00edvico y las instituciones\u201d, afirm\u00f3.<\/p>\n<p style=\"text-align: justify;\">Sin tregua<\/p>\n<p style=\"text-align: justify;\">Suruguay mencion\u00f3 que esta es la segunda gesti\u00f3n consecutiva en la que el municipio de Entre R\u00edos se ve afectado, record\u00f3 que el a\u00f1o pasado han sido riadas, un aluvi\u00f3n, la sequ\u00eda y los incendios, y que este a\u00f1o nuevamente una sequ\u00eda tempranera ha puesto en riesgo a varias comunidades.<\/p>\n<p style=\"text-align: justify;\">Enfatiz\u00f3 que ni siquiera en la capital de O\u2019Connor, que es el pueblo de Entre R\u00edos, hay agua, y eso que el poblado se sit\u00faa en medio de dos r\u00edos, en donde los afluentes se est\u00e1n secando.<\/p>\n<p style=\"text-align: justify;\">En complemento, el subgobernador de Entre R\u00edos, Grover Torrej\u00f3n, cuestion\u00f3 el hecho que en \u00e9poca de bonanza econ\u00f3mica, se hayan construido ingentes obras de cemento, pero que no se haya puesto la mirada en proyectos de riego.<\/p>\n<p style=\"text-align: justify;\">Ratific\u00f3 que el racionamiento de combustible est\u00e1 teniendo sus consecuencias en el sector productivo. Sin embargo, avizor\u00f3 que el problema no es solo de este municipio, sino que es a nivel nacional.<\/p>\n<p style=\"text-align: justify;\">Cabe mencionar que con anterioridad, productores de los municipios de Bermejo y Yacuiba tambi\u00e9n advirtieron tener dificultades para poder acceder a la compra del combustible, aunque desde la ANH descartaron una escasez.<\/p>\n","protected":false},"excerpt":{"rendered":"<p>Como si la crisis clim\u00e1tica no fuera suficiente, el municipio de Entre R\u00edos actualmente sufre la falta de combustible, en consecuencia, esto repercute en la dotaci\u00f3n de agua potable, pues no solamente afecta el funcionamiento de las motobombas, sino que tambi\u00e9n perjudica el trabajo de los carros cisternas que trasladan el recurso h\u00eddrico a las [&hellip;]<\/p>\n","protected":false},"author":4,"featured_media":58781,"comment_status":"open","ping_status":"closed","sticky":false,"template":"","format":"standard","meta":{"footnotes":""},"categories":[20,47,48],"tags":[],"class_list":{"0":"post-58780","1":"post","2":"type-post","3":"status-publish","4":"format-standard","5":"has-post-thumbnail","7":"category-actualidad","8":"category-portada-actualidad","9":"category-portada-general-sitio"},"_links":{"self":[{"href":"https:\/\/jms.com.bo\/mediamonitor\/wp-json\/wp\/v2\/posts\/58780","targetHints":{"allow":["GET"]}}],"collection":[{"href":"https:\/\/jms.com.bo\/mediamonitor\/wp-json\/wp\/v2\/posts"}],"about":[{"href":"https:\/\/jms.com.bo\/mediamonitor\/wp-json\/wp\/v2\/types\/post"}],"author":[{"embeddable":true,"href":"https:\/\/jms.com.bo\/mediamonitor\/wp-json\/wp\/v2\/users\/4"}],"replies":[{"embeddable":true,"href":"https:\/\/jms.com.bo\/mediamonitor\/wp-json\/wp\/v2\/comments?post=58780"}],"version-history":[{"count":0,"href":"https:\/\/jms.com.bo\/mediamonitor\/wp-json\/wp\/v2\/posts\/58780\/revisions"}],"wp:featuredmedia":[{"embeddable":true,"href":"https:\/\/jms.com.bo\/mediamonitor\/wp-json\/wp\/v2\/media\/58781"}],"wp:attachment":[{"href":"https:\/\/jms.com.bo\/mediamonitor\/wp-json\/wp\/v2\/media?parent=58780"}],"wp:term":[{"taxonomy":"category","embeddable":true,"href":"https:\/\/jms.com.bo\/mediamonitor\/wp-json\/wp\/v2\/categories?post=58780"},{"taxonomy":"post_tag","embeddable":true,"href":"https:\/\/jms.com.bo\/mediamonitor\/wp-json\/wp\/v2\/tags?post=58780"}],"curies":[{"name":"wp","href":"https:\/\/api.w.org\/{rel}","templated":true}]}}