{"id":59612,"date":"2023-10-04T06:51:41","date_gmt":"2023-10-04T10:51:41","guid":{"rendered":"https:\/\/jms.com.bo\/mediamonitor\/2023\/10\/04\/arce-apuesta-al-cabildo-de-el-alto-y-la-pugna-con-evo-es-por-la-propiedad-del-mas\/"},"modified":"2023-10-04T06:51:41","modified_gmt":"2023-10-04T10:51:41","slug":"arce-apuesta-al-cabildo-de-el-alto-y-la-pugna-con-evo-es-por-la-propiedad-del-mas","status":"publish","type":"post","link":"https:\/\/jms.com.bo\/mediamonitor\/2023\/10\/04\/arce-apuesta-al-cabildo-de-el-alto-y-la-pugna-con-evo-es-por-la-propiedad-del-mas\/","title":{"rendered":"Arce apuesta al cabildo de El Alto y la pugna con Evo es por la &#8216;propiedad&#8217; del MAS"},"content":{"rendered":"<p style=\"text-align: justify;\">La pelea es para saber qui\u00e9n es el \u201cverdadero\u201d due\u00f1o del MAS y del Instrumento Pol\u00edtico por la Soberan\u00eda de los Pueblos (IPSP). El presidente Luis Arce se aline\u00f3 ayer, seg\u00fan dijo, con las organizaciones sociales \u201cexcluidas\u201d de la convocatoria de la direcci\u00f3n pol\u00edtica del MAS, el partido que a\u00fan lo cobija, y respald\u00f3 el cabildo del pr\u00f3ximo 17 de octubre en El Alto.<\/p>\n<p style=\"text-align: justify;\">La declaraci\u00f3n del mandatario tuvo lugar en La Paz, en el contexto de un \u201campliado de emergencia\u201d de la Confederaci\u00f3n de Comunidades Interculturales, mientras en el tr\u00f3pico de Cochabamba, Evo Morales instalaba el congreso de su partido con la intenci\u00f3n de fijar la ruta para volver al poder en 2025, tras las elecciones generales de ese a\u00f1o.<\/p>\n<p style=\"text-align: justify;\">Arce asegur\u00f3 que ese congreso convocado por la direcci\u00f3n del MAS consum\u00f3 \u201cun atropello\u201d a las organizaciones sociales que sustentan al partido. Se\u00f1al\u00f3 que se redujo la acreditaci\u00f3n a solo cinco delegados por organizaci\u00f3n, cuando en 2016, el a\u00f1o en el que se hizo el anterior congreso, cada sector tuvo 200 acreditados.<\/p>\n<p style=\"text-align: justify;\">\u201cLa convocatoria a este congreso de emergencia, forzoso es apenas de cinco representantes para los Interculturales, cinco representantes para la Csutcb (Confederaci\u00f3n Sindical \u00danica de Trabajadores Campesinos de Bolivia) y cinco para nuestras hermanas Bartolinas, eso es un atropello a las organizaciones sociales que hoy est\u00e1n siendo despojadas de su propio instrumento pol\u00edtico\u201d, sostuvo ayer el mandatario.<\/p>\n<p style=\"text-align: justify;\">Las tres organizaciones mencionadas por Arce son las entidades matrices del MAS, de acuerdo con el estatuto del partido. Evo Morales afirm\u00f3 que participan en el evento 1.500 delegados de todo el pa\u00eds y calific\u00f3 el encuentro como el \u201cm\u00e1s grande\u201d de la historia del pa\u00eds. Eso s\u00ed, el lunes admiti\u00f3 que la convocatoria estipul\u00f3 esos cinco representantes para cada una de las entidades llamadas \u201cfundacionales del instrumento\u201d.<\/p>\n<p style=\"text-align: justify;\">\u201cLas organizaciones nacionales tienen cinco delegados titulares con una resoluci\u00f3n aprobada en ampliados. Por circunscripci\u00f3n, provincia y secci\u00f3n municipal, participan los delegados de cualquier sector social\u201d, respondi\u00f3 el expresidente ante las cr\u00edticas de los sectores sociales que se declararon \u201cexcluidos\u201d, d\u00edas antes del inicio de las deliberaciones.<\/p>\n<p style=\"text-align: justify;\">\u201cHay un irrespeto a nuestras organizaciones. Hoy tenemos un congreso que no refleja la composici\u00f3n del MAS-IPSP que son nuestras organizaciones\u201d dijo Arce y revel\u00f3 que otros sectores como la Central Obrera Boliviana (COB) y las Bartolinas celebrar\u00e1n reuniones de emergencia para fijar una postura frente al partido.<\/p>\n<p style=\"text-align: justify;\">En ese contexto, anticip\u00f3 que el 17 de octubre las organizaciones sociales del llamado Instrumento Pol\u00edtico por la Soberan\u00eda de los Pueblos (IPSP) y del Pacto de Unidad asumir\u00e1n una determinaci\u00f3n sobre su futuro pol\u00edtico tras una movilizaci\u00f3n que tendr\u00e1 lugar en El Alto.<\/p>\n<p style=\"text-align: justify;\">\u201cDe ese ampliado saldr\u00e1n resoluciones importantes que ser\u00e1n dadas a conocer en el gran cabildo, en el marco del respeto y madurez pol\u00edtica que siempre ha caracterizado a las organizaciones sociales\u201d, anticip\u00f3 el mandatario en La Paz.<\/p>\n<p style=\"text-align: justify;\">Arce luego viaj\u00f3 a Santa Cruz para participar del aniversario 41 de la Central de Pueblos Ind\u00edgenas del Oriente-Chaco y Amazon\u00eda de Bolivia (Cidob) donde inaugur\u00f3 la Radio Cidob FM 94.6. All\u00ed prometi\u00f3 \u201cm\u00e1s trabajo\u201d en favor de este sector que descart\u00f3 asistir a Lauca \u00d1.<\/p>\n<p style=\"text-align: justify;\">\u201cEl destino del instrumento pol\u00edtico se va a decidir el 17 y ser\u00e1 un solo camino, no queremos enfrentamientos entre vecinos ni campesinos y aqu\u00ed, nadie se va a adue\u00f1ar y es posible que en la pr\u00f3xima gesti\u00f3n vamos a decidir qui\u00e9n va a ser candidato. Ning\u00fan carajito va a autonombrarse, en este caso. Las organizaciones se van a hacer respetar y vamos a catar a esa decisi\u00f3n\u201d, advirti\u00f3 ayer el diputado Israel Huaytari de la facci\u00f3n &#8216;arcista&#8217; del MAS.<\/p>\n<p style=\"text-align: justify;\">Una postura similar asumi\u00f3 el lunes la senadora Virginia Velasco, quien dijo que \u201cel cabildo va a definir el proyecto pol\u00edtico de las organizaciones sociales, sin que nadie m\u00e1s se adue\u00f1e de ellas\u201d.<\/p>\n<p style=\"text-align: justify;\">La fecha de esta concentraci\u00f3n es emblem\u00e1tica porque coincide con los 20 a\u00f1os de la llamada Guerra del Gas, cuando se produjo la renuncia de Gonzalo S\u00e1nchez de Lozada tras una crisis social que estall\u00f3 por el rechazo a la exportaci\u00f3n del gas a Estados Unidos y la demanda de la nacionalizaci\u00f3n de los hidrocarburos.<\/p>\n<p style=\"text-align: justify;\">En la inauguraci\u00f3n del congreso, Morales dijo cumpli\u00f3 con la legalidad, \u201cpero tambi\u00e9n con la legitimidad convocando al Pacto de Unidad\u201d. Hizo un recuento de vidas perdidas humanas durante las crisis de principios de siglo, pero tambi\u00e9n de la crisis de 2019.<\/p>\n<p style=\"text-align: justify;\">El expresidente dijo que esperaba que Luis Arce ni el vicepresidente David Choquehuanca \u201cvayan a gasificar\u201d el congreso, esto en alusi\u00f3n a los sucesos de agosto cuando se eligi\u00f3 a la nueva directiva de la Csutcb. Adem\u00e1s, el congreso se instal\u00f3 tras una retah\u00edla de denuncias de \u201csabotaje\u201d contra el Gobierno de Arce.<\/p>\n<p style=\"text-align: justify;\">El senador Leonardo Loza, uno de los m\u00e1s pr\u00f3ximos a Morales, dijo que la guardia sindical detect\u00f3 a un grupo de personas que estaba con cartuchos de dinamita. Los infractores no fueron presentados ni la Polic\u00eda intervino en este hecho porque Lauca \u00d1 est\u00e1 bajo la vigilancia de al menos 5.000 personas que custodian los cuatro puntos cardinales del pueblo que est\u00e1 en el tr\u00f3pico.<\/p>\n<p style=\"text-align: justify;\">El Tribunal Supremo Electoral (TSE) envi\u00f3 sus delegados y con ello aval\u00f3 el evento, aunque esto revel\u00f3 tensiones en esta entidad.<\/p>\n<p style=\"text-align: justify;\">\n","protected":false},"excerpt":{"rendered":"<p>La pelea es para saber qui\u00e9n es el \u201cverdadero\u201d due\u00f1o del MAS y del Instrumento Pol\u00edtico por la Soberan\u00eda de los Pueblos (IPSP). El presidente Luis Arce se aline\u00f3 ayer, seg\u00fan dijo, con las organizaciones sociales \u201cexcluidas\u201d de la convocatoria de la direcci\u00f3n pol\u00edtica del MAS, el partido que a\u00fan lo cobija, y respald\u00f3 el [&hellip;]<\/p>\n","protected":false},"author":4,"featured_media":59613,"comment_status":"open","ping_status":"closed","sticky":false,"template":"","format":"standard","meta":{"footnotes":""},"categories":[18],"tags":[],"class_list":{"0":"post-59612","1":"post","2":"type-post","3":"status-publish","4":"format-standard","5":"has-post-thumbnail","7":"category-politica"},"_links":{"self":[{"href":"https:\/\/jms.com.bo\/mediamonitor\/wp-json\/wp\/v2\/posts\/59612","targetHints":{"allow":["GET"]}}],"collection":[{"href":"https:\/\/jms.com.bo\/mediamonitor\/wp-json\/wp\/v2\/posts"}],"about":[{"href":"https:\/\/jms.com.bo\/mediamonitor\/wp-json\/wp\/v2\/types\/post"}],"author":[{"embeddable":true,"href":"https:\/\/jms.com.bo\/mediamonitor\/wp-json\/wp\/v2\/users\/4"}],"replies":[{"embeddable":true,"href":"https:\/\/jms.com.bo\/mediamonitor\/wp-json\/wp\/v2\/comments?post=59612"}],"version-history":[{"count":0,"href":"https:\/\/jms.com.bo\/mediamonitor\/wp-json\/wp\/v2\/posts\/59612\/revisions"}],"wp:featuredmedia":[{"embeddable":true,"href":"https:\/\/jms.com.bo\/mediamonitor\/wp-json\/wp\/v2\/media\/59613"}],"wp:attachment":[{"href":"https:\/\/jms.com.bo\/mediamonitor\/wp-json\/wp\/v2\/media?parent=59612"}],"wp:term":[{"taxonomy":"category","embeddable":true,"href":"https:\/\/jms.com.bo\/mediamonitor\/wp-json\/wp\/v2\/categories?post=59612"},{"taxonomy":"post_tag","embeddable":true,"href":"https:\/\/jms.com.bo\/mediamonitor\/wp-json\/wp\/v2\/tags?post=59612"}],"curies":[{"name":"wp","href":"https:\/\/api.w.org\/{rel}","templated":true}]}}