{"id":59616,"date":"2023-10-04T06:55:23","date_gmt":"2023-10-04T10:55:23","guid":{"rendered":"https:\/\/jms.com.bo\/mediamonitor\/2023\/10\/04\/la-oposicion-parte-dispersa-con-al-menos-nueve-posibles-candidatos-presidenciales\/"},"modified":"2023-10-04T06:55:23","modified_gmt":"2023-10-04T10:55:23","slug":"la-oposicion-parte-dispersa-con-al-menos-nueve-posibles-candidatos-presidenciales","status":"publish","type":"post","link":"https:\/\/jms.com.bo\/mediamonitor\/2023\/10\/04\/la-oposicion-parte-dispersa-con-al-menos-nueve-posibles-candidatos-presidenciales\/","title":{"rendered":"La oposici\u00f3n parte dispersa con al menos nueve posibles candidatos presidenciales"},"content":{"rendered":"<p style=\"text-align: justify;\">En el oficialista Movimiento Al Socialismo (MAS) la divisi\u00f3n alcanza a dos tendencias: \u2018arcistas\u2019 y \u2018evistas\u2019. Por su parte, la oposici\u00f3n est\u00e1 m\u00e1s fragmentada que nunca y, de hecho, al menos nueve agrupaciones podr\u00edan postular a candidatos diferentes, en lugar de la mencionada unidad.<\/p>\n<p style=\"text-align: justify;\">Dos a\u00f1os antes de las elecciones generales, previstas para 2025, se mencionan varios nombres de posibles postulantes y pugnas partidarias, pero sin propuestas para resolver el problema de los ciudadanos, cuestion\u00f3 el abogado y exalcalde de La Paz Juan Del Granado.<\/p>\n<p style=\"text-align: justify;\">\u201cOpositores y oficialistas no est\u00e1n preocupados por las respuestas de fondo: C\u00f3mo equilibrar la acci\u00f3n estatal con el mercado para encarar la crisis y el estancamiento econ\u00f3mico, promoviendo desarrollo sostenible sin volver al neoliberalismo y saliendo del estatismo\u201d, dijo Del Granado.<\/p>\n<p style=\"text-align: justify;\">El ex parlamentario Carlos B\u00f6rth form\u00f3 la agrupaci\u00f3n Alianza por Bolivia Unida y Solidaria (Albus) y confirm\u00f3 un principio de acuerdo con los integrantes del B\u00fanker, Virgilio Lema y Agust\u00edn Zambrana, aunque falta perfilar el binomio presencial para el 2025 que se definir\u00eda a trav\u00e9s de unas primarias \u201cpor fuera del TSE\u201d.<\/p>\n<p style=\"text-align: justify;\">Sin embargo, en su vena de analista es realista y admite que mientras que en el oficialismo hay dos bandos, la oposici\u00f3n parte absolutamente dispersa, e identifica dos niveles de posibles postulaciones, cada quien por su lado.<\/p>\n<p style=\"text-align: justify;\">Primero, las dos fuerzas opositoras en la Asamblea est\u00e1n en una nebulosa. Comunidad Ciudadana, cuya personer\u00eda jur\u00eddica depende del Frente Revolucionario de Izquierda (FRI) y Carlos Mesa, a quien el diputado de su partido Marcelo Pedrazas pidi\u00f3 que ya no postule, pero que el fin de semana pasado estuvo en Sucre y, aunque no anunci\u00f3 una decisi\u00f3n, es previsible su postulaci\u00f3n.<\/p>\n<p style=\"text-align: justify;\">Creemos, del gobernador de Santa Cruz, Luis Fernando Camacho, suscribi\u00f3 una alianza en 2019 con Unidad C\u00edvica Solidaridad (UCS), partido con el que actualmente tiene diferencias irreconciliables. El partido del alcalde Jhonny Fern\u00e1ndez est\u00e1 identificado con el \u2018arcismo\u2019.<\/p>\n<p style=\"text-align: justify;\">Otro gran problema de Creemos es que Camacho est\u00e1 preso. Ayer, a trav\u00e9s del diputado Erwin Baz\u00e1n, convocaron a que Santa Cruz proyecte un candidato \u00fanico para vencer al masismo.<\/p>\n<p style=\"text-align: justify;\">Para B\u00f6rth, hay 10 partidos diferentes al MAS, pero solo cuatro tienen resuelta su situaci\u00f3n jur\u00eddica: Unidad Nacional (UN), el FRI, Dem\u00f3cratas que ya es un partido nacional, UCS y el Movimiento Tercer Sistema. Carlos B\u00f6rth ubica a \u00e9ste \u00faltimo como \u201ca ratos oficialista y a ratos opositor\u201d.<\/p>\n<p style=\"text-align: justify;\">\u201cHabr\u00e1 que esperar qu\u00e9 resuelven las organizaciones pol\u00edticas hasta el 22 de octubre, la fecha m\u00e1xima otorgada por el \u00d3rgano Electoral para adecuar los estatutos y definir las directivas partidarias, lo que provoca un marco de incertidumbre\u201d, asegur\u00f3 B\u00f6rth.<\/p>\n<p style=\"text-align: justify;\">Otros que no descartan participar en las elecciones son el senador Rodrigo Paz, de CC; el rector de la Uagrm, Vicente Cu\u00e9llar, y el alcalde de Cochabamba, Manfred Reyes Villa.<\/p>\n<p style=\"text-align: justify;\">Para B\u00f6rth, Reyes Villa ya no es opositor. \u201cParece estar ubicado en el medio, con una clara tendencia al ala \u2018arcista\u2019, lo que se muestra con hechos como la eliminaci\u00f3n de procesos judiciales en su contra\u201d, se\u00f1al\u00f3.<\/p>\n<p style=\"text-align: justify;\">\u201cNo hay candidato\u201d<\/p>\n<p style=\"text-align: justify;\">El senador Rodrigo Paz hab\u00eda tenido conversaciones con el rector Vicente Cu\u00e9llar, pero se fueron diluyendo. Cu\u00e9llar, quien ha mantenido un perfil acad\u00e9mico destacado, se ha reunido con varios actores pol\u00edticos en los \u00faltimos meses, hasta que clarific\u00f3 sus intenciones pol\u00edticas para las elecciones de 2025. A pesar de los rumores de una alianza con Paz Pereira, Cu\u00e9llar aclar\u00f3 primero que no se tomaron decisiones y luego se alej\u00f3.<\/p>\n<p style=\"text-align: justify;\">Por su parte, Paz respondi\u00f3 que \u201chay una muy buena relaci\u00f3n personal, eso puedo decir, y nunca tuvimos un di\u00e1logo sobre posibles alianzas. S\u00ed sobre tem\u00e1ticas nacionales. \u00c9l larg\u00f3 una propuesta de una organizaci\u00f3n pol\u00edtica en la que tiene una centralidad y lo felicito\u201d.<\/p>\n<p style=\"text-align: justify;\">Sin embargo, el senador manifest\u00f3 que \u00e9l est\u00e1 buscando un proyecto pol\u00edtico y, por ahora, no se puede hablar de candidatos \u201cporque eso es faltarle el respeto al pueblo boliviano que tiene otras preocupaciones\u201d. Asegur\u00f3 que mantiene una buena relaci\u00f3n con Mesa, pero que \u00e9sta terminar\u00e1 justamente en 2025.<\/p>\n","protected":false},"excerpt":{"rendered":"<p>En el oficialista Movimiento Al Socialismo (MAS) la divisi\u00f3n alcanza a dos tendencias: \u2018arcistas\u2019 y \u2018evistas\u2019. Por su parte, la oposici\u00f3n est\u00e1 m\u00e1s fragmentada que nunca y, de hecho, al menos nueve agrupaciones podr\u00edan postular a candidatos diferentes, en lugar de la mencionada unidad. Dos a\u00f1os antes de las elecciones generales, previstas para 2025, se [&hellip;]<\/p>\n","protected":false},"author":4,"featured_media":59617,"comment_status":"open","ping_status":"closed","sticky":false,"template":"","format":"standard","meta":{"footnotes":""},"categories":[18,48,46],"tags":[],"class_list":{"0":"post-59616","1":"post","2":"type-post","3":"status-publish","4":"format-standard","5":"has-post-thumbnail","7":"category-politica","8":"category-portada-general-sitio","9":"category-portada-politica"},"_links":{"self":[{"href":"https:\/\/jms.com.bo\/mediamonitor\/wp-json\/wp\/v2\/posts\/59616","targetHints":{"allow":["GET"]}}],"collection":[{"href":"https:\/\/jms.com.bo\/mediamonitor\/wp-json\/wp\/v2\/posts"}],"about":[{"href":"https:\/\/jms.com.bo\/mediamonitor\/wp-json\/wp\/v2\/types\/post"}],"author":[{"embeddable":true,"href":"https:\/\/jms.com.bo\/mediamonitor\/wp-json\/wp\/v2\/users\/4"}],"replies":[{"embeddable":true,"href":"https:\/\/jms.com.bo\/mediamonitor\/wp-json\/wp\/v2\/comments?post=59616"}],"version-history":[{"count":0,"href":"https:\/\/jms.com.bo\/mediamonitor\/wp-json\/wp\/v2\/posts\/59616\/revisions"}],"wp:featuredmedia":[{"embeddable":true,"href":"https:\/\/jms.com.bo\/mediamonitor\/wp-json\/wp\/v2\/media\/59617"}],"wp:attachment":[{"href":"https:\/\/jms.com.bo\/mediamonitor\/wp-json\/wp\/v2\/media?parent=59616"}],"wp:term":[{"taxonomy":"category","embeddable":true,"href":"https:\/\/jms.com.bo\/mediamonitor\/wp-json\/wp\/v2\/categories?post=59616"},{"taxonomy":"post_tag","embeddable":true,"href":"https:\/\/jms.com.bo\/mediamonitor\/wp-json\/wp\/v2\/tags?post=59616"}],"curies":[{"name":"wp","href":"https:\/\/api.w.org\/{rel}","templated":true}]}}