{"id":59657,"date":"2023-10-05T07:02:34","date_gmt":"2023-10-05T11:02:34","guid":{"rendered":"https:\/\/jms.com.bo\/mediamonitor\/2023\/10\/05\/el-tse-advierte-que-las-elecciones-primarias-son-obligatorias-asi-sean-con-un-solo-candidato\/"},"modified":"2023-10-05T07:02:34","modified_gmt":"2023-10-05T11:02:34","slug":"el-tse-advierte-que-las-elecciones-primarias-son-obligatorias-asi-sean-con-un-solo-candidato","status":"publish","type":"post","link":"https:\/\/jms.com.bo\/mediamonitor\/2023\/10\/05\/el-tse-advierte-que-las-elecciones-primarias-son-obligatorias-asi-sean-con-un-solo-candidato\/","title":{"rendered":"El TSE advierte que las elecciones primarias son obligatorias, as\u00ed sean con un solo candidato"},"content":{"rendered":"<p style=\"text-align: justify;\">El presidente del Tribunal Supremo Electoral (TSE), \u00d3scar Hassenteufel, se\u00f1al\u00f3 este mi\u00e9rcoles que las elecciones primarias son obligatorias para todas las organizaciones pol\u00edticas, as\u00ed sean con un solo candidato. Adem\u00e1s, indic\u00f3 que se trabaja en un proyecto normativo para que en estos comicios se presenten al menos dos postulantes, para que \u201ctengan raz\u00f3n de ser\u201d.<\/p>\n<p style=\"text-align: justify;\">\u201cPor ahora, las elecciones son obligatorias as\u00ed sea con un solo candidato. (\u2026) Por ahora la ley est\u00e1 concebida de una manera, no exige que sean por lo menos dos candidatos (en las primarias). Estamos trabajando en un proyecto para establecer que se podr\u00e1 llevar adelante una primaria cuando haya dos candidatos de una misma organizaci\u00f3n, para que esa elecci\u00f3n primaria tenga raz\u00f3n de ser para escoger el candidato de entre esos dos que est\u00e1n postulando\u201d, se\u00f1al\u00f3, en conferencia de prensa.<\/p>\n<p style=\"text-align: justify;\">Insisti\u00f3 en que la Ley de las Organizaciones Pol\u00edticas est\u00e1 vigente y, por lo tanto, \u201cen el marco actual\u201d todas las organizaciones pol\u00edticas deben ir a unas elecciones primarias que deben ser convocadas por el \u00d3rgano Electoral.<\/p>\n<p style=\"text-align: justify;\">La declaraci\u00f3n se da cuando el Movimiento Al Socialismo (MAS) proclam\u00f3 a Evo Morales como el \u201c\u00fanico candidato\u201d para las presidenciales de 2025, algo que ya hab\u00eda sido adelantado por el propio exmandatario, bajo el alegato de que lo \u201cobligaron\u201d a asumir esta determinaci\u00f3n.<\/p>\n<p style=\"text-align: justify;\">Aparte, Hassenteufel rechaz\u00f3 que las discrepancias que puedan surgir en cualquier organizaci\u00f3n pol\u00edtica influyan en las decisiones que emita la instituci\u00f3n que preside. \u00abRechazo terminantemente que cualquier idea que haga suponer, que afirme, que las discrepancias de un partido pol\u00edtico, cualesquiera que sean, est\u00e9n influyendo en el accionar del Tribunal Supremo Electoral\u00bb.<\/p>\n","protected":false},"excerpt":{"rendered":"<p>El presidente del Tribunal Supremo Electoral (TSE), \u00d3scar Hassenteufel, se\u00f1al\u00f3 este mi\u00e9rcoles que las elecciones primarias son obligatorias para todas las organizaciones pol\u00edticas, as\u00ed sean con un solo candidato. Adem\u00e1s, indic\u00f3 que se trabaja en un proyecto normativo para que en estos comicios se presenten al menos dos postulantes, para que \u201ctengan raz\u00f3n de ser\u201d. [&hellip;]<\/p>\n","protected":false},"author":4,"featured_media":59658,"comment_status":"open","ping_status":"closed","sticky":false,"template":"","format":"standard","meta":{"footnotes":""},"categories":[18],"tags":[],"class_list":{"0":"post-59657","1":"post","2":"type-post","3":"status-publish","4":"format-standard","5":"has-post-thumbnail","7":"category-politica"},"_links":{"self":[{"href":"https:\/\/jms.com.bo\/mediamonitor\/wp-json\/wp\/v2\/posts\/59657","targetHints":{"allow":["GET"]}}],"collection":[{"href":"https:\/\/jms.com.bo\/mediamonitor\/wp-json\/wp\/v2\/posts"}],"about":[{"href":"https:\/\/jms.com.bo\/mediamonitor\/wp-json\/wp\/v2\/types\/post"}],"author":[{"embeddable":true,"href":"https:\/\/jms.com.bo\/mediamonitor\/wp-json\/wp\/v2\/users\/4"}],"replies":[{"embeddable":true,"href":"https:\/\/jms.com.bo\/mediamonitor\/wp-json\/wp\/v2\/comments?post=59657"}],"version-history":[{"count":0,"href":"https:\/\/jms.com.bo\/mediamonitor\/wp-json\/wp\/v2\/posts\/59657\/revisions"}],"wp:featuredmedia":[{"embeddable":true,"href":"https:\/\/jms.com.bo\/mediamonitor\/wp-json\/wp\/v2\/media\/59658"}],"wp:attachment":[{"href":"https:\/\/jms.com.bo\/mediamonitor\/wp-json\/wp\/v2\/media?parent=59657"}],"wp:term":[{"taxonomy":"category","embeddable":true,"href":"https:\/\/jms.com.bo\/mediamonitor\/wp-json\/wp\/v2\/categories?post=59657"},{"taxonomy":"post_tag","embeddable":true,"href":"https:\/\/jms.com.bo\/mediamonitor\/wp-json\/wp\/v2\/tags?post=59657"}],"curies":[{"name":"wp","href":"https:\/\/api.w.org\/{rel}","templated":true}]}}