{"id":59659,"date":"2023-10-05T07:04:21","date_gmt":"2023-10-05T11:04:21","guid":{"rendered":"https:\/\/jms.com.bo\/mediamonitor\/2023\/10\/05\/arcistas-y-evistas-inician-la-pelea-por-la-propiedad-de-la-sigla-del-mas-el-cabildo-sera-la-partida\/"},"modified":"2023-10-05T07:04:21","modified_gmt":"2023-10-05T11:04:21","slug":"arcistas-y-evistas-inician-la-pelea-por-la-propiedad-de-la-sigla-del-mas-el-cabildo-sera-la-partida","status":"publish","type":"post","link":"https:\/\/jms.com.bo\/mediamonitor\/2023\/10\/05\/arcistas-y-evistas-inician-la-pelea-por-la-propiedad-de-la-sigla-del-mas-el-cabildo-sera-la-partida\/","title":{"rendered":"&#8216;Arcistas&#8217; y &#8216;evistas&#8217; inician la pelea por la propiedad de la sigla del MAS; el cabildo ser\u00e1 la partida"},"content":{"rendered":"<p style=\"text-align: justify;\">La propiedad de la sigla, Movimiento al Socialismo-Instrumento Pol\u00edtico por la Soberan\u00eda de los Pueblos (MAS-IPSP), est\u00e1 en juego y los dos grupos, &#8216;arcistas&#8217; y &#8216;evistas&#8217; pugnan por ser los due\u00f1os. Evo Morales apur\u00f3 un congreso para ser ratificado como presidente; mientras que sus adversarios est\u00e1n viendo el cabildo como el inicio de la pelea del mismo instrumento.<\/p>\n<p style=\"text-align: justify;\">\u201cPrimero tenemos que recuperar el MAS-IPSP porque es de las tres organizaciones, y a la cabeza de los fundadores eso tenemos que llevar adelante, para devolver al pueblo boliviano esa esperanza, la democracia, la libertad. Eso estamos preparando para el cabildo, eso pasa por la cabeza de la Csutcb, los Interculturales, las hermanas bartolinas, Cidob y Conamaq\u201d, declar\u00f3 este mi\u00e9rcoles, F\u00e9lix Santos, uno de los fundadores del MAS.<\/p>\n<p style=\"text-align: justify;\">El &#8216;arcismo&#8217; ensay\u00f3 todos los recursos para paralizar el congreso que organiz\u00f3 Evo Morales en Lauca \u00d1. Sus organizaciones presentaron recursos ante el Ttribunal Supremo Electoral (TSE) y no lograron; presentaron un amparo constitucional contra el Congreso, pero el mismo fue planteado tarde y resuelto cuando el congreso masista ya estaba culminando.<\/p>\n<p style=\"text-align: justify;\">\u201c\u00bfQuiere ser candidato? (Luis Arce), adelante, ah\u00ed est\u00e1 su frente amplio, ah\u00ed est\u00e1 Comunidad Ciudadana, Creemos, Jallalla, Eva Copa, Iv\u00e1n Arias, Manfred Reyes Villa de Cochabamba, Johnny Fern\u00e1ndez de Santa Cruz, est\u00e1 Ren\u00e9 Joaquino de Potos\u00ed, con ellos haga su frente amplio, que le cueste a usted si quiere ser candidato, trabaje en su organizaci\u00f3n pol\u00edtica\u201d, invit\u00f3 el diputado evista, H\u00e9ctor Arce a sus correligionarios &#8216;arcistas&#8217;.<\/p>\n<p style=\"text-align: justify;\">En este momento en el portal del TSE figura como \u201cm\u00e1xima autoridad\u201d el expresidente, Evo Morales y como tal, la ley le reconoce varias facultades, entre ellas, las de presentar las listas de candidatos en tiempos de elecciones.<\/p>\n<p style=\"text-align: justify;\">El 18 de septiembre, el Pacto de Unidad af\u00edn al Gobierno emiti\u00f3 una convocatoria a cabildo a realizarse en la ciudad de El Alto y donde ya se dec\u00eda que uno de los puntos ser\u00eda \u201cdeterminar el rumbo del proceso de cambio y del instrumento pol\u00edtico\u201d. Este mi\u00e9rcoles, uno de los fundadores del MAS admiti\u00f3 que la pelea ser\u00e1 por toda la sigla y no una escisi\u00f3n del MAS y el IPSP divididos.<\/p>\n<p style=\"text-align: justify;\">\u201cEl IPSP solamente es como un s\u00edmbolo, est\u00e1 pegado ah\u00ed (se hizo) para mandar a la Corte (Nacional Electoral) en el segundo congreso. Por mis manos ha pasado la tesis pol\u00edtica en ese congreso, dice el estatuto que toda la vida tienen que dirigir los ejecutivos de las tres organizaciones, hoy las mismas organizaciones tienen que decidir, porque esas organizaciones a la cabeza de los ejecutivos hemos creado este instrumento pol\u00edtico\u201d, arguy\u00f3 el dirigente.<\/p>\n","protected":false},"excerpt":{"rendered":"<p>La propiedad de la sigla, Movimiento al Socialismo-Instrumento Pol\u00edtico por la Soberan\u00eda de los Pueblos (MAS-IPSP), est\u00e1 en juego y los dos grupos, &#8216;arcistas&#8217; y &#8216;evistas&#8217; pugnan por ser los due\u00f1os. Evo Morales apur\u00f3 un congreso para ser ratificado como presidente; mientras que sus adversarios est\u00e1n viendo el cabildo como el inicio de la pelea [&hellip;]<\/p>\n","protected":false},"author":4,"featured_media":59660,"comment_status":"open","ping_status":"closed","sticky":false,"template":"","format":"standard","meta":{"footnotes":""},"categories":[18,48,46],"tags":[],"class_list":{"0":"post-59659","1":"post","2":"type-post","3":"status-publish","4":"format-standard","5":"has-post-thumbnail","7":"category-politica","8":"category-portada-general-sitio","9":"category-portada-politica"},"_links":{"self":[{"href":"https:\/\/jms.com.bo\/mediamonitor\/wp-json\/wp\/v2\/posts\/59659","targetHints":{"allow":["GET"]}}],"collection":[{"href":"https:\/\/jms.com.bo\/mediamonitor\/wp-json\/wp\/v2\/posts"}],"about":[{"href":"https:\/\/jms.com.bo\/mediamonitor\/wp-json\/wp\/v2\/types\/post"}],"author":[{"embeddable":true,"href":"https:\/\/jms.com.bo\/mediamonitor\/wp-json\/wp\/v2\/users\/4"}],"replies":[{"embeddable":true,"href":"https:\/\/jms.com.bo\/mediamonitor\/wp-json\/wp\/v2\/comments?post=59659"}],"version-history":[{"count":0,"href":"https:\/\/jms.com.bo\/mediamonitor\/wp-json\/wp\/v2\/posts\/59659\/revisions"}],"wp:featuredmedia":[{"embeddable":true,"href":"https:\/\/jms.com.bo\/mediamonitor\/wp-json\/wp\/v2\/media\/59660"}],"wp:attachment":[{"href":"https:\/\/jms.com.bo\/mediamonitor\/wp-json\/wp\/v2\/media?parent=59659"}],"wp:term":[{"taxonomy":"category","embeddable":true,"href":"https:\/\/jms.com.bo\/mediamonitor\/wp-json\/wp\/v2\/categories?post=59659"},{"taxonomy":"post_tag","embeddable":true,"href":"https:\/\/jms.com.bo\/mediamonitor\/wp-json\/wp\/v2\/tags?post=59659"}],"curies":[{"name":"wp","href":"https:\/\/api.w.org\/{rel}","templated":true}]}}