{"id":60502,"date":"2023-11-01T06:22:18","date_gmt":"2023-11-01T10:22:18","guid":{"rendered":"https:\/\/jms.com.bo\/mediamonitor\/2023\/11\/01\/planta-de-transformacion-de-cereales-en-viacha-llega-al-70-de-avance\/"},"modified":"2023-11-01T06:22:18","modified_gmt":"2023-11-01T10:22:18","slug":"planta-de-transformacion-de-cereales-en-viacha-llega-al-70-de-avance","status":"publish","type":"post","link":"https:\/\/jms.com.bo\/mediamonitor\/2023\/11\/01\/planta-de-transformacion-de-cereales-en-viacha-llega-al-70-de-avance\/","title":{"rendered":"Planta de Transformaci\u00f3n de Cereales en Viacha llega al 70% de avance"},"content":{"rendered":"<p style=\"text-align: justify;\">Al 70% de avance lleg\u00f3 la construcci\u00f3n de la Planta de Almacenamiento y Transformaci\u00f3n de Cereales en Viacha, en el departamento de La Paz, por lo que se prev\u00e9 su puesta en marcha a fines de este a\u00f1o. Sin embargo se desconoce la oferta de cereales en la regi\u00f3n para que la empresa estatal pueda operar al 100%, sino estar\u00e1 como las otras industrias estatales, que no llegan a ocupar toda su capacidad.<\/p>\n<p style=\"text-align: justify;\">\u201cEn este momento ya tenemos un avance del 70% en obra en el municipio de Viacha, por lo cual esta es una de las obras que ha avanzado muy r\u00e1pidamente\u201d, indic\u00f3 el gerente general de la Empresa de Apoyo a la Producci\u00f3n de Alimentos (Emapa), Franklin Flores.<\/p>\n<p style=\"text-align: justify;\">Flores asegur\u00f3 que, tomado en cuenta el avance en la construcci\u00f3n de la megaobra y el contrato con la empresa constructora, se proyecta su puesta en marcha para fines del presente a\u00f1o.<\/p>\n<p style=\"text-align: justify;\">Con la puesta en marcha de la planta se generar\u00e1 un importante ahorro al Estado, considerando que Emapa paga un promedio de alrededor de 50 millones bolivianos por el alquiler de silos para almacenar granos.<\/p>\n<p style=\"text-align: justify;\">Actualmente, Emapa entrega al sector panificador de La Paz alrededor de dos millones de quintales (qq) de harina, lo que implica que es la regi\u00f3n que m\u00e1s demanda este tipo de producto para la elaboraci\u00f3n de pan.<\/p>\n<p style=\"text-align: justify;\">De acuerdo con los datos oficiales, la construcci\u00f3n de la planta procesadora de alimentos, que estar\u00e1 a cargo de la estatal Empresa de Apoyo a la Producci\u00f3n de Alimentos (Emapa), inici\u00f3 en julio del a\u00f1o pasado.<\/p>\n<p style=\"text-align: justify;\">Una de las caracter\u00edsticas principales de la factor\u00eda en Viacha ser\u00e1 que tendr\u00e1 una molienda mediante la cual procesar\u00e1 pastas, con lo que el Estado boliviano tendr\u00e1 su primera industria de fideos.<\/p>\n<p style=\"text-align: justify;\">En tanto, el alcalde de Viacha, Napole\u00f3n Yahuasi, indic\u00f3 que, para la construcci\u00f3n de la planta, el municipio puso como contraparte el terreno de alrededor de siete hect\u00e1reas (ha), que equivalen a unos 200.000 d\u00f3lares y destac\u00f3 el avance en las obras.<\/p>\n<p style=\"text-align: justify;\">\u201cAhora a nosotros nos corresponde verificar el tema de la calidad de la obra, el Concejo Municipal como el Ejecutivo vamos a programar una tarea de verificar. Tal parece que est\u00e1 muy bien emplazada\u201d, coment\u00f3.<\/p>\n","protected":false},"excerpt":{"rendered":"<p>Al 70% de avance lleg\u00f3 la construcci\u00f3n de la Planta de Almacenamiento y Transformaci\u00f3n de Cereales en Viacha, en el departamento de La Paz, por lo que se prev\u00e9 su puesta en marcha a fines de este a\u00f1o. Sin embargo se desconoce la oferta de cereales en la regi\u00f3n para que la empresa estatal pueda [&hellip;]<\/p>\n","protected":false},"author":4,"featured_media":60503,"comment_status":"open","ping_status":"closed","sticky":false,"template":"","format":"standard","meta":{"footnotes":""},"categories":[52],"tags":[],"class_list":{"0":"post-60502","1":"post","2":"type-post","3":"status-publish","4":"format-standard","5":"has-post-thumbnail","7":"category-alimentos-agroindustria"},"_links":{"self":[{"href":"https:\/\/jms.com.bo\/mediamonitor\/wp-json\/wp\/v2\/posts\/60502","targetHints":{"allow":["GET"]}}],"collection":[{"href":"https:\/\/jms.com.bo\/mediamonitor\/wp-json\/wp\/v2\/posts"}],"about":[{"href":"https:\/\/jms.com.bo\/mediamonitor\/wp-json\/wp\/v2\/types\/post"}],"author":[{"embeddable":true,"href":"https:\/\/jms.com.bo\/mediamonitor\/wp-json\/wp\/v2\/users\/4"}],"replies":[{"embeddable":true,"href":"https:\/\/jms.com.bo\/mediamonitor\/wp-json\/wp\/v2\/comments?post=60502"}],"version-history":[{"count":0,"href":"https:\/\/jms.com.bo\/mediamonitor\/wp-json\/wp\/v2\/posts\/60502\/revisions"}],"wp:featuredmedia":[{"embeddable":true,"href":"https:\/\/jms.com.bo\/mediamonitor\/wp-json\/wp\/v2\/media\/60503"}],"wp:attachment":[{"href":"https:\/\/jms.com.bo\/mediamonitor\/wp-json\/wp\/v2\/media?parent=60502"}],"wp:term":[{"taxonomy":"category","embeddable":true,"href":"https:\/\/jms.com.bo\/mediamonitor\/wp-json\/wp\/v2\/categories?post=60502"},{"taxonomy":"post_tag","embeddable":true,"href":"https:\/\/jms.com.bo\/mediamonitor\/wp-json\/wp\/v2\/tags?post=60502"}],"curies":[{"name":"wp","href":"https:\/\/api.w.org\/{rel}","templated":true}]}}