{"id":60504,"date":"2023-11-01T06:23:39","date_gmt":"2023-11-01T10:23:39","guid":{"rendered":"https:\/\/jms.com.bo\/mediamonitor\/2023\/11\/01\/el-centro-de-acopio-de-granos-en-el-chaco-tiene-6193-de-avance\/"},"modified":"2023-11-01T06:23:39","modified_gmt":"2023-11-01T10:23:39","slug":"el-centro-de-acopio-de-granos-en-el-chaco-tiene-6193-de-avance","status":"publish","type":"post","link":"https:\/\/jms.com.bo\/mediamonitor\/2023\/11\/01\/el-centro-de-acopio-de-granos-en-el-chaco-tiene-6193-de-avance\/","title":{"rendered":"El Centro de Acopio de Granos en el Chaco tiene 61,93% de avance"},"content":{"rendered":"<p style=\"text-align: justify;\">La jornada del martes 31 de octubre, en la comunidad El Algarrobal, en el municipio de Yacuiba, el ejecutivo regional del Chaco, Jos\u00e9 Luis \u00c1brego, y el gerente general de la Empresa Boliviana de Apoyo a la Producci\u00f3n de Alimentos (Emapa), Franklin Flores, inspeccionaron la construcci\u00f3n del \u201cCentro de Acopio y Transformaci\u00f3n de Granos Gran Chaco\u201d.<\/p>\n<p style=\"text-align: justify;\">Durante el recorrido se evidenci\u00f3 un avance f\u00edsico del 61,93% y un avance financiero del 69,54%, que incluye el anticipo.<\/p>\n<p style=\"text-align: justify;\">\u201cEsta planta no solo va ser un centro de almacenamiento que beneficiar\u00e1 a los agricultores y ganaderos de la zona; sino que tambi\u00e9n abastecer\u00e1 a todo el territorio nacional, y esto para nosotros nos deja muchas tareas\u201d, a\u00f1adi\u00f3 la autoridad.<\/p>\n<p style=\"text-align: justify;\">Por su parte, el gerente general de Emapa, Franklin Flores, manifest\u00f3 que el proyecto se emplaza gracias al Decreto Supremo 4756 del a\u00f1o 2022, impulsado por el presidente Luis Arce Catacora, con un monto de 122.494.880,00 bolivianos.<\/p>\n<p style=\"text-align: justify;\">La planta contar\u00e1 con seis silos, cada uno con una capacidad de 6.000 toneladas para el acopio. En total almacenar\u00e1 36.000 toneladas de ma\u00edz y trigo; adem\u00e1s, tendr\u00e1 una planta de procesamiento de alimento balaceado para ganado vacuno.<\/p>\n<p style=\"text-align: justify;\">Los beneficiarios directos son 2.821 productores de granos ma\u00edz y trigo. El gerente de Emapa destac\u00f3 que durante la ejecuci\u00f3n del proyecto generan 142 empleos directos y 715 empleos indirectos. Mientras que para la operaci\u00f3n se crear\u00e1n 38 empleos directos y 238 empleos indirectos.<\/p>\n<p style=\"text-align: justify;\">Apretando el acelerador<\/p>\n<p style=\"text-align: justify;\">El representante de la Empresa Constructora \u201cArce Lema\u201d, Jos\u00e9 P\u00e9rez, recalc\u00f3 que el compromiso es concluir la obra en un plazo menor al establecido en el contrato.<\/p>\n<p style=\"text-align: justify;\">\u201cHay un gran avance en las obras civiles, en las mayores y menores, tambi\u00e9n en la parte industrial. Ya hay dos silos instalados, cada uno con capacidad de almac\u00e9n de 6.000 toneladas, y tienen 22 de di\u00e1metro. Tambi\u00e9n ya hay una secadora, y dos silos pulmon de 6,4 de di\u00e1metro, de 214 toneladas cada uno\u201d, explic\u00f3.<\/p>\n<p style=\"text-align: justify;\">La instalaci\u00f3n de cada silo demora 35 d\u00edas, sin embargo, la empresa contratista quiere reducir ese tiempo a 25 o hasta 30 d\u00edas, aunque todo depender\u00e1 del clima. Reconoci\u00f3 que los fuertes vientos han estado dificultando los trabajos.<\/p>\n<p style=\"text-align: justify;\">En cuanto al material, dijo que son silos met\u00e1licos galvanizados de calidad industrial, utilizado en todas las plantas de acopio de ma\u00edz en Santa Cruz y Brasil, por ejemplo.<\/p>\n<p style=\"text-align: justify;\">Una de las caracter\u00edsticas de este Centro de Acopio y Transformaci\u00f3n de Granos es que tendr\u00e1 un laboratorio de recepci\u00f3n, que estar\u00e1 equipado por una balanza y un tomador de muestra hidr\u00e1ulico.<\/p>\n<p style=\"text-align: justify;\">\u201cEste laboratorio tomar\u00e1 las muestras de los camiones, verificar\u00e1 que (los granos) est\u00e9n dentro de los par\u00e1metros establecidos para poder ingresar a la planta, si no est\u00e1 dentro de los par\u00e1metros, ya sea porcentaje de humedad o de impureza, ser\u00e1 rechazado, por ende, no podr\u00e1 ser ingresado a lo que ser\u00e1 el proceso de limpieza, acondicionamiento, secado y almacenamiento\u201d, detall\u00f3 P\u00e9rez, a tiempo de recalcar que este proceso garantizar\u00e1 que el grano que entre al Centro est\u00e1 en condiciones adecuadas para su almacenamiento y posterior transformaci\u00f3n.<\/p>\n<p style=\"text-align: justify;\">El Centro de Acopio, adem\u00e1s de los silos, contar\u00e1 con oficinas administrativas, viviendas, comedor y ba\u00f1os, todos los espacios necesarios para los operadores de la planta como para quienes lleguen a dejar la materia prima.<\/p>\n","protected":false},"excerpt":{"rendered":"<p>La jornada del martes 31 de octubre, en la comunidad El Algarrobal, en el municipio de Yacuiba, el ejecutivo regional del Chaco, Jos\u00e9 Luis \u00c1brego, y el gerente general de la Empresa Boliviana de Apoyo a la Producci\u00f3n de Alimentos (Emapa), Franklin Flores, inspeccionaron la construcci\u00f3n del \u201cCentro de Acopio y Transformaci\u00f3n de Granos Gran [&hellip;]<\/p>\n","protected":false},"author":4,"featured_media":60505,"comment_status":"open","ping_status":"closed","sticky":false,"template":"","format":"standard","meta":{"footnotes":""},"categories":[52],"tags":[],"class_list":{"0":"post-60504","1":"post","2":"type-post","3":"status-publish","4":"format-standard","5":"has-post-thumbnail","7":"category-alimentos-agroindustria"},"_links":{"self":[{"href":"https:\/\/jms.com.bo\/mediamonitor\/wp-json\/wp\/v2\/posts\/60504","targetHints":{"allow":["GET"]}}],"collection":[{"href":"https:\/\/jms.com.bo\/mediamonitor\/wp-json\/wp\/v2\/posts"}],"about":[{"href":"https:\/\/jms.com.bo\/mediamonitor\/wp-json\/wp\/v2\/types\/post"}],"author":[{"embeddable":true,"href":"https:\/\/jms.com.bo\/mediamonitor\/wp-json\/wp\/v2\/users\/4"}],"replies":[{"embeddable":true,"href":"https:\/\/jms.com.bo\/mediamonitor\/wp-json\/wp\/v2\/comments?post=60504"}],"version-history":[{"count":0,"href":"https:\/\/jms.com.bo\/mediamonitor\/wp-json\/wp\/v2\/posts\/60504\/revisions"}],"wp:featuredmedia":[{"embeddable":true,"href":"https:\/\/jms.com.bo\/mediamonitor\/wp-json\/wp\/v2\/media\/60505"}],"wp:attachment":[{"href":"https:\/\/jms.com.bo\/mediamonitor\/wp-json\/wp\/v2\/media?parent=60504"}],"wp:term":[{"taxonomy":"category","embeddable":true,"href":"https:\/\/jms.com.bo\/mediamonitor\/wp-json\/wp\/v2\/categories?post=60504"},{"taxonomy":"post_tag","embeddable":true,"href":"https:\/\/jms.com.bo\/mediamonitor\/wp-json\/wp\/v2\/tags?post=60504"}],"curies":[{"name":"wp","href":"https:\/\/api.w.org\/{rel}","templated":true}]}}