{"id":60508,"date":"2023-11-01T06:26:23","date_gmt":"2023-11-01T10:26:23","guid":{"rendered":"https:\/\/jms.com.bo\/mediamonitor\/2023\/11\/01\/cooperativistas-auriferos-anuncian-marcha-y-bloqueo-de-vias-desde-el-6-de-noviembre\/"},"modified":"2023-11-01T06:26:23","modified_gmt":"2023-11-01T10:26:23","slug":"cooperativistas-auriferos-anuncian-marcha-y-bloqueo-de-vias-desde-el-6-de-noviembre","status":"publish","type":"post","link":"https:\/\/jms.com.bo\/mediamonitor\/2023\/11\/01\/cooperativistas-auriferos-anuncian-marcha-y-bloqueo-de-vias-desde-el-6-de-noviembre\/","title":{"rendered":"Cooperativistas aur\u00edferos anuncian marcha y bloqueo de v\u00edas desde el 6 de noviembre"},"content":{"rendered":"<p style=\"text-align: justify;\">Los mineros cooperativistas aur\u00edferos protagonizar\u00e1n una masiva movilizaci\u00f3n el lunes 6 de noviembre en la sede de gobierno en demanda de la atenci\u00f3n a su pliego petitorio de ocho puntos que no es atendido desde el a\u00f1o pasado.<\/p>\n<p style=\"text-align: justify;\">El presidente de la Federaci\u00f3n de Cooperativas Mineras Aur\u00edferas del Norte de La Paz (Fecoman-LP), Ramiro Balmaceda, lament\u00f3 que en m\u00e1s de un a\u00f1o no se haya atendido sus demandas, por lo que pidi\u00f3 disculpas a la poblaci\u00f3n por los perjuicios que se ocasionar\u00e1n con la medida de presi\u00f3n.<\/p>\n<p style=\"text-align: justify;\">\u201cEl d\u00eda 6 de noviembre el sector de las cooperativas mineras aur\u00edferas nos vamos a encontrar en movilizaci\u00f3n, tambi\u00e9n posteriormente con bloqueo de caminos. Esto ha sido consensuando con las diferentes federaciones, acordado ya en las \u00faltimas reuniones que hemos sostenido con Fecmabol (Federaci\u00f3n de Cooperativas Mineras Aur\u00edferas de Bolivia)\u201d, anunci\u00f3 el dirigente.<\/p>\n<p style=\"text-align: justify;\">Seg\u00fan la explicaci\u00f3n de Balmaceda, son 80.000 mineros de casi 1.000 cooperativas afiliadas a Fecmabol, a la Federaci\u00f3n Regional de Cooperativas Aur\u00edferas (Ferreco), entre otras, que ingresar\u00e1n por dos sectores, la Ceja de la ciudad de El Alto y la zona de Villa F\u00e1tima, en La Paz.<\/p>\n<p style=\"text-align: justify;\">No descart\u00f3 que se asuma la misma medida de presi\u00f3n, como la ocurrida en octubre de 2022, cuando bloquearon todos los puntos de ingreso al centro de la ciudad de La Paz.<\/p>\n<p style=\"text-align: justify;\">\u201cVamos a estar en la ciudad el 6 de noviembre con un marcha pac\u00edfica (\u2026) es de seguro por estrategia de movilizaci\u00f3n, no voy a decir, cu\u00e1ntos d\u00edas vamos a estar ac\u00e1 luego de no encontrar soluciones a las demandas\u201d, complement\u00f3.<\/p>\n<p style=\"text-align: justify;\">Demandas<\/p>\n<p style=\"text-align: justify;\">Entre los puntos demandados por los cooperativistas aur\u00edferos est\u00e1 que la Justicia resuelva la personer\u00eda jur\u00eddica de Fecmabol y de la Federaci\u00f3n Regional de Cooperativas Mineras (Ferecomin) Centro Potos\u00ed y la titulaci\u00f3n de Ferecomin La Paz.<\/p>\n<p style=\"text-align: justify;\">Tambi\u00e9n se busca la seguridad jur\u00eddica para todas las cooperativas que son afectadas por los avasallamientos de la miner\u00eda ilegal.<\/p>\n<p style=\"text-align: justify;\">Adem\u00e1s, demandan a la Asamblea Legislativa y al Gobierno el tratamiento, aprobaci\u00f3n y promulgaci\u00f3n del proyecto de ley del r\u00e9gimen tributario.<\/p>\n<p style=\"text-align: justify;\">A eso se suma la aprobaci\u00f3n de los contratos mineros por parte de la Asamblea Legislativa que est\u00e1n paralizados en esa instancia.<\/p>\n<p style=\"text-align: justify;\">El 25 de octubre del a\u00f1o pasado, los mineros aur\u00edferos cooperativistas bloquearon las v\u00edas en la ciudad de La Paz. Un d\u00eda despu\u00e9s, luego de 12 horas de negociaci\u00f3n, las medidas de presi\u00f3n se levantaron luego de acordar con el Gobierno un pago de tributo del 4,8% por la venta de oro.<\/p>\n","protected":false},"excerpt":{"rendered":"<p>Los mineros cooperativistas aur\u00edferos protagonizar\u00e1n una masiva movilizaci\u00f3n el lunes 6 de noviembre en la sede de gobierno en demanda de la atenci\u00f3n a su pliego petitorio de ocho puntos que no es atendido desde el a\u00f1o pasado. El presidente de la Federaci\u00f3n de Cooperativas Mineras Aur\u00edferas del Norte de La Paz (Fecoman-LP), Ramiro Balmaceda, [&hellip;]<\/p>\n","protected":false},"author":4,"featured_media":60509,"comment_status":"open","ping_status":"closed","sticky":false,"template":"","format":"standard","meta":{"footnotes":""},"categories":[49],"tags":[],"class_list":{"0":"post-60508","1":"post","2":"type-post","3":"status-publish","4":"format-standard","5":"has-post-thumbnail","7":"category-social"},"_links":{"self":[{"href":"https:\/\/jms.com.bo\/mediamonitor\/wp-json\/wp\/v2\/posts\/60508","targetHints":{"allow":["GET"]}}],"collection":[{"href":"https:\/\/jms.com.bo\/mediamonitor\/wp-json\/wp\/v2\/posts"}],"about":[{"href":"https:\/\/jms.com.bo\/mediamonitor\/wp-json\/wp\/v2\/types\/post"}],"author":[{"embeddable":true,"href":"https:\/\/jms.com.bo\/mediamonitor\/wp-json\/wp\/v2\/users\/4"}],"replies":[{"embeddable":true,"href":"https:\/\/jms.com.bo\/mediamonitor\/wp-json\/wp\/v2\/comments?post=60508"}],"version-history":[{"count":0,"href":"https:\/\/jms.com.bo\/mediamonitor\/wp-json\/wp\/v2\/posts\/60508\/revisions"}],"wp:featuredmedia":[{"embeddable":true,"href":"https:\/\/jms.com.bo\/mediamonitor\/wp-json\/wp\/v2\/media\/60509"}],"wp:attachment":[{"href":"https:\/\/jms.com.bo\/mediamonitor\/wp-json\/wp\/v2\/media?parent=60508"}],"wp:term":[{"taxonomy":"category","embeddable":true,"href":"https:\/\/jms.com.bo\/mediamonitor\/wp-json\/wp\/v2\/categories?post=60508"},{"taxonomy":"post_tag","embeddable":true,"href":"https:\/\/jms.com.bo\/mediamonitor\/wp-json\/wp\/v2\/tags?post=60508"}],"curies":[{"name":"wp","href":"https:\/\/api.w.org\/{rel}","templated":true}]}}