{"id":60510,"date":"2023-11-01T06:30:28","date_gmt":"2023-11-01T10:30:28","guid":{"rendered":"https:\/\/jms.com.bo\/mediamonitor\/2023\/11\/01\/trabajo-confirma-tolerancia-y-feriado-por-todos-santos\/"},"modified":"2023-11-01T06:30:28","modified_gmt":"2023-11-01T10:30:28","slug":"trabajo-confirma-tolerancia-y-feriado-por-todos-santos","status":"publish","type":"post","link":"https:\/\/jms.com.bo\/mediamonitor\/2023\/11\/01\/trabajo-confirma-tolerancia-y-feriado-por-todos-santos\/","title":{"rendered":"Trabajo confirma tolerancia y feriado por Todos Santos"},"content":{"rendered":"<p style=\"text-align: justify;\">A trav\u00e9s de un comunicado de la Direcci\u00f3n General de Trabajo, el Gobierno nacional dispuso de manera excepcional tolerancia en la jornada laboral de este mi\u00e9rcoles 1 de noviembre, a partir del mediod\u00eda, para la administraci\u00f3n p\u00fablica y privada y record\u00f3 que el jueves 2 de noviembre es feriado nacional por el D\u00eda de los Difuntos.<\/p>\n<p style=\"text-align: justify;\">\u201cCon la finalidad de revalorizar las tradiciones e identidades culturales, conforme lo dispone el Art\u00edculo 2 de la Ley 530 \u2018Ley del Patrimonio Cultural Boliviano\u2019, se dispone de manera excepcional tolerancia en la jornada laboral del d\u00eda mi\u00e9rcoles 1 de noviembre a partir de mediod\u00eda, para la administraci\u00f3n p\u00fablica a nivel nacional\u201d, se\u00f1ala el comunicado emitido este martes.<\/p>\n<p style=\"text-align: justify;\">Agrega que el sector privado debe adecuarse a la tolerancia de media jornada laboral \u201cpor acuerdo de partes, considerando sus modalidades y horarios de trabajo\u201d.<\/p>\n<p style=\"text-align: justify;\">Sobre el feriado, el Ministerio de Trabajo se\u00f1ala que el 2 de noviembre se debe cumplir la suspensi\u00f3n de actividades p\u00fablicas y privadas en todo el territorio del Estado Plurinacional.<\/p>\n","protected":false},"excerpt":{"rendered":"<p>A trav\u00e9s de un comunicado de la Direcci\u00f3n General de Trabajo, el Gobierno nacional dispuso de manera excepcional tolerancia en la jornada laboral de este mi\u00e9rcoles 1 de noviembre, a partir del mediod\u00eda, para la administraci\u00f3n p\u00fablica y privada y record\u00f3 que el jueves 2 de noviembre es feriado nacional por el D\u00eda de los [&hellip;]<\/p>\n","protected":false},"author":4,"featured_media":60512,"comment_status":"open","ping_status":"closed","sticky":false,"template":"","format":"standard","meta":{"footnotes":""},"categories":[20],"tags":[],"class_list":{"0":"post-60510","1":"post","2":"type-post","3":"status-publish","4":"format-standard","5":"has-post-thumbnail","7":"category-actualidad"},"_links":{"self":[{"href":"https:\/\/jms.com.bo\/mediamonitor\/wp-json\/wp\/v2\/posts\/60510","targetHints":{"allow":["GET"]}}],"collection":[{"href":"https:\/\/jms.com.bo\/mediamonitor\/wp-json\/wp\/v2\/posts"}],"about":[{"href":"https:\/\/jms.com.bo\/mediamonitor\/wp-json\/wp\/v2\/types\/post"}],"author":[{"embeddable":true,"href":"https:\/\/jms.com.bo\/mediamonitor\/wp-json\/wp\/v2\/users\/4"}],"replies":[{"embeddable":true,"href":"https:\/\/jms.com.bo\/mediamonitor\/wp-json\/wp\/v2\/comments?post=60510"}],"version-history":[{"count":0,"href":"https:\/\/jms.com.bo\/mediamonitor\/wp-json\/wp\/v2\/posts\/60510\/revisions"}],"wp:featuredmedia":[{"embeddable":true,"href":"https:\/\/jms.com.bo\/mediamonitor\/wp-json\/wp\/v2\/media\/60512"}],"wp:attachment":[{"href":"https:\/\/jms.com.bo\/mediamonitor\/wp-json\/wp\/v2\/media?parent=60510"}],"wp:term":[{"taxonomy":"category","embeddable":true,"href":"https:\/\/jms.com.bo\/mediamonitor\/wp-json\/wp\/v2\/categories?post=60510"},{"taxonomy":"post_tag","embeddable":true,"href":"https:\/\/jms.com.bo\/mediamonitor\/wp-json\/wp\/v2\/tags?post=60510"}],"curies":[{"name":"wp","href":"https:\/\/api.w.org\/{rel}","templated":true}]}}