{"id":60513,"date":"2023-11-01T06:32:00","date_gmt":"2023-11-01T10:32:00","guid":{"rendered":"https:\/\/jms.com.bo\/mediamonitor\/2023\/11\/01\/parte-a-caracas-el-vuelo-inaugural-de-la-estatal-boa\/"},"modified":"2023-11-01T06:32:00","modified_gmt":"2023-11-01T10:32:00","slug":"parte-a-caracas-el-vuelo-inaugural-de-la-estatal-boa","status":"publish","type":"post","link":"https:\/\/jms.com.bo\/mediamonitor\/2023\/11\/01\/parte-a-caracas-el-vuelo-inaugural-de-la-estatal-boa\/","title":{"rendered":"Parte a Caracas el vuelo inaugural de la estatal BoA"},"content":{"rendered":"<p style=\"text-align: justify;\">Este martes emprendi\u00f3 viaje a Caracas, Venezuela, el vuelo inaugural de la estatal Boliviana de Aviaci\u00f3n (BoA). Invitados y autoridades estuvieron en la delegaci\u00f3n que arribar\u00e1 despu\u00e9s del mediod\u00eda en el Aeropuerto Internacional de Caracas.<\/p>\n<p style=\"text-align: justify;\">El vuelo parti\u00f3 despu\u00e9s de las 08.30, con el canciller Rogelio Mayta en primera l\u00ednea. Tambi\u00e9n viajan invitados y periodistas, y j\u00f3venes bolivianos que estudiar\u00e1n Medicina en ese pa\u00eds.<\/p>\n<p style=\"text-align: justify;\">\u201cTenemos todas las expectativas para que este el vuelo sea todo un \u00e9xito y esperamos que todos los pasajeros disfruten de la traves\u00eda\u201d, se\u00f1al\u00f3 el capit\u00e1n Mario Pacheco, comandante de la aeronave.<\/p>\n<p style=\"text-align: justify;\">El periplo hacia la capital venezolana demora al menos cuatro horas y media. La comitiva regresar\u00e1 el mi\u00e9rcoles de madrugada.<\/p>\n<p style=\"text-align: justify;\">Vuelo a Caracas<\/p>\n<p style=\"text-align: justify;\">Todos los martes, a las 20.10, saldr\u00e1n los vuelos de ida, mientras que los retornos se realizar\u00e1n los mi\u00e9rcoles, a las 02.00. El costo de los pasajes oscila entre los 472 d\u00f3lares.<\/p>\n<p style=\"text-align: justify;\">Los pasajes estar\u00e1n disponibles en la p\u00e1gina de BoA, www.boa.bo. Las l\u00edneas de atenci\u00f3n al cliente tambi\u00e9n fueron habilitadas para reservas de vuelos. La aerol\u00ednea record\u00f3 que sus tarifas incluyen la posibilidad de llevar equipaje.<\/p>\n<p style=\"text-align: justify;\">\u201cEstamos realizando acciones importantes para que el pueblo boliviano y los pueblos hermanos de Latinoam\u00e9rica tambi\u00e9n puedan realizar viajes para conocer todos los parajes que tienen los pa\u00edses\u201d, expres\u00f3 el ministro de Obras P\u00fablicas, \u00c9dgar Monta\u00f1o.<\/p>\n<p style=\"text-align: justify;\">Monta\u00f1o tambi\u00e9n revel\u00f3 que se hacen los estudios necesarios de mercado a trav\u00e9s de la aerol\u00ednea y otras acciones para llegar a M\u00e9xico y Paraguay.<\/p>\n<p style=\"text-align: justify;\">\u201cTenemos un plan de convertirnos en una aerol\u00ednea de distribuci\u00f3n regional y de conexiones y transformar al aeropuerto de Viru Viru en el as de Sudam\u00e9rica\u201d, dijo el gerente general de la compa\u00f1\u00eda a\u00e9rea, Ronald Casso.<\/p>\n<p style=\"text-align: justify;\">El jueves 26 de octubre, BoA lleg\u00f3 tambi\u00e9n por primera vez a La Habana, en Cuba, en un vuelo inaugural que llev\u00f3 tambi\u00e9n una importante comitiva de invitados.<\/p>\n<p style=\"text-align: justify;\">Antes iba a territorio venezolano la compa\u00f1\u00eda Lloyd A\u00e9reo Boliviano (LAB), que interrumpi\u00f3 sus operaciones en 2000 debido a dificultades financieras.<\/p>\n","protected":false},"excerpt":{"rendered":"<p>Este martes emprendi\u00f3 viaje a Caracas, Venezuela, el vuelo inaugural de la estatal Boliviana de Aviaci\u00f3n (BoA). Invitados y autoridades estuvieron en la delegaci\u00f3n que arribar\u00e1 despu\u00e9s del mediod\u00eda en el Aeropuerto Internacional de Caracas. El vuelo parti\u00f3 despu\u00e9s de las 08.30, con el canciller Rogelio Mayta en primera l\u00ednea. Tambi\u00e9n viajan invitados y periodistas, [&hellip;]<\/p>\n","protected":false},"author":4,"featured_media":60514,"comment_status":"open","ping_status":"closed","sticky":false,"template":"","format":"standard","meta":{"footnotes":""},"categories":[20],"tags":[],"class_list":{"0":"post-60513","1":"post","2":"type-post","3":"status-publish","4":"format-standard","5":"has-post-thumbnail","7":"category-actualidad"},"_links":{"self":[{"href":"https:\/\/jms.com.bo\/mediamonitor\/wp-json\/wp\/v2\/posts\/60513","targetHints":{"allow":["GET"]}}],"collection":[{"href":"https:\/\/jms.com.bo\/mediamonitor\/wp-json\/wp\/v2\/posts"}],"about":[{"href":"https:\/\/jms.com.bo\/mediamonitor\/wp-json\/wp\/v2\/types\/post"}],"author":[{"embeddable":true,"href":"https:\/\/jms.com.bo\/mediamonitor\/wp-json\/wp\/v2\/users\/4"}],"replies":[{"embeddable":true,"href":"https:\/\/jms.com.bo\/mediamonitor\/wp-json\/wp\/v2\/comments?post=60513"}],"version-history":[{"count":0,"href":"https:\/\/jms.com.bo\/mediamonitor\/wp-json\/wp\/v2\/posts\/60513\/revisions"}],"wp:featuredmedia":[{"embeddable":true,"href":"https:\/\/jms.com.bo\/mediamonitor\/wp-json\/wp\/v2\/media\/60514"}],"wp:attachment":[{"href":"https:\/\/jms.com.bo\/mediamonitor\/wp-json\/wp\/v2\/media?parent=60513"}],"wp:term":[{"taxonomy":"category","embeddable":true,"href":"https:\/\/jms.com.bo\/mediamonitor\/wp-json\/wp\/v2\/categories?post=60513"},{"taxonomy":"post_tag","embeddable":true,"href":"https:\/\/jms.com.bo\/mediamonitor\/wp-json\/wp\/v2\/tags?post=60513"}],"curies":[{"name":"wp","href":"https:\/\/api.w.org\/{rel}","templated":true}]}}