{"id":60517,"date":"2023-11-01T06:34:58","date_gmt":"2023-11-01T10:34:58","guid":{"rendered":"https:\/\/jms.com.bo\/mediamonitor\/2023\/11\/01\/reprograman-la-audiencia-de-cesacion-de-sosa-por-el-caso-items-fantasmas\/"},"modified":"2023-11-01T06:34:58","modified_gmt":"2023-11-01T10:34:58","slug":"reprograman-la-audiencia-de-cesacion-de-sosa-por-el-caso-items-fantasmas","status":"publish","type":"post","link":"https:\/\/jms.com.bo\/mediamonitor\/2023\/11\/01\/reprograman-la-audiencia-de-cesacion-de-sosa-por-el-caso-items-fantasmas\/","title":{"rendered":"Reprograman la audiencia de cesaci\u00f3n de Sosa por el caso \u00edtems fantasmas"},"content":{"rendered":"<p style=\"text-align: justify;\">La audiencia de cesaci\u00f3n a la detenci\u00f3n preventiva de la exalcaldesa Ang\u00e9lica Sosa, por el caso &#8216;\u00edtems fantasmas&#8217; y que deb\u00eda llevarse a cabo en el Palacio de Justicia, fue reprogramada por los vocales de la Sala 3\u00ba del Tribunal Departamental de Justicia para ma\u00f1ana.<\/p>\n<p style=\"text-align: justify;\">En esta audiencia, la ex alcaldesa del municipio cruce\u00f1o buscaba defenderse en libertad por el \u00fanico proceso que la mantiene en la c\u00e1rcel de Palmasola.<\/p>\n<p style=\"text-align: justify;\">Arturo Heredia, abogado de Sosa, inform\u00f3 a EL DEBER que esta comparecencia qued\u00f3 suspendida debido a la sobrecarga de labores de los fiscales asignados al caso. La audiencia fue reprogramada para ma\u00f1ana 1 de noviembre, a las 09:00.<\/p>\n<p style=\"text-align: justify;\">El jurista sostuvo que un informe m\u00e9dico, elaborado por los galenos Fernando Capobianco Sandoval y Alex Baldomar, arroja que la exalcaldesa padece de una \u201cestenosis en el bulbo de carotina interna derecha, con presencia de placa ulcerada que retiene contraste a mayor de 2 segundos en su interior, ocasionando estenosis del 58%, de no ser intervenida quir\u00fargicamente a la brevedad posible la vida de la se\u00f1ora Ang\u00e9lica Sosa corre peligro de sufrir un infarto o un ACV\u201d.<\/p>\n<p style=\"text-align: justify;\">Anteriormente, la Justicia benefici\u00f3 a la imputada para defenderse en libertad en los procesos de los casos \u2018contratos irregulares\u2019 y \u2018prest\u00edn\u2019.<\/p>\n<p style=\"text-align: justify;\">Ang\u00e9lica Sosa se encuentra detenida en el penal de Palmasola desde diciembre de 2021 por el caso denominado &#8216;\u00edtems fantasmas&#8217;, luego de que la esposa del exfuncionario Antonio Parada denunciara, a trav\u00e9s de medios de comunicaci\u00f3n, presuntas irregularidades dentro del Gobierno Aut\u00f3nomo Municipal de Santa Cruz, donde se habr\u00eda creado al menos 800 \u00edtems fantasmas desde la gesti\u00f3n 2017.<\/p>\n<p style=\"text-align: justify;\">\n","protected":false},"excerpt":{"rendered":"<p>La audiencia de cesaci\u00f3n a la detenci\u00f3n preventiva de la exalcaldesa Ang\u00e9lica Sosa, por el caso &#8216;\u00edtems fantasmas&#8217; y que deb\u00eda llevarse a cabo en el Palacio de Justicia, fue reprogramada por los vocales de la Sala 3\u00ba del Tribunal Departamental de Justicia para ma\u00f1ana. En esta audiencia, la ex alcaldesa del municipio cruce\u00f1o buscaba [&hellip;]<\/p>\n","protected":false},"author":4,"featured_media":60518,"comment_status":"open","ping_status":"closed","sticky":false,"template":"","format":"standard","meta":{"footnotes":""},"categories":[18],"tags":[],"class_list":{"0":"post-60517","1":"post","2":"type-post","3":"status-publish","4":"format-standard","5":"has-post-thumbnail","7":"category-politica"},"_links":{"self":[{"href":"https:\/\/jms.com.bo\/mediamonitor\/wp-json\/wp\/v2\/posts\/60517","targetHints":{"allow":["GET"]}}],"collection":[{"href":"https:\/\/jms.com.bo\/mediamonitor\/wp-json\/wp\/v2\/posts"}],"about":[{"href":"https:\/\/jms.com.bo\/mediamonitor\/wp-json\/wp\/v2\/types\/post"}],"author":[{"embeddable":true,"href":"https:\/\/jms.com.bo\/mediamonitor\/wp-json\/wp\/v2\/users\/4"}],"replies":[{"embeddable":true,"href":"https:\/\/jms.com.bo\/mediamonitor\/wp-json\/wp\/v2\/comments?post=60517"}],"version-history":[{"count":0,"href":"https:\/\/jms.com.bo\/mediamonitor\/wp-json\/wp\/v2\/posts\/60517\/revisions"}],"wp:featuredmedia":[{"embeddable":true,"href":"https:\/\/jms.com.bo\/mediamonitor\/wp-json\/wp\/v2\/media\/60518"}],"wp:attachment":[{"href":"https:\/\/jms.com.bo\/mediamonitor\/wp-json\/wp\/v2\/media?parent=60517"}],"wp:term":[{"taxonomy":"category","embeddable":true,"href":"https:\/\/jms.com.bo\/mediamonitor\/wp-json\/wp\/v2\/categories?post=60517"},{"taxonomy":"post_tag","embeddable":true,"href":"https:\/\/jms.com.bo\/mediamonitor\/wp-json\/wp\/v2\/tags?post=60517"}],"curies":[{"name":"wp","href":"https:\/\/api.w.org\/{rel}","templated":true}]}}