{"id":60521,"date":"2023-11-01T06:38:06","date_gmt":"2023-11-01T10:38:06","guid":{"rendered":"https:\/\/jms.com.bo\/mediamonitor\/2023\/11\/01\/el-tse-anula-congreso-del-mas-evo-anuncia-una-batalla-legal\/"},"modified":"2023-11-01T06:38:06","modified_gmt":"2023-11-01T10:38:06","slug":"el-tse-anula-congreso-del-mas-evo-anuncia-una-batalla-legal","status":"publish","type":"post","link":"https:\/\/jms.com.bo\/mediamonitor\/2023\/11\/01\/el-tse-anula-congreso-del-mas-evo-anuncia-una-batalla-legal\/","title":{"rendered":"El TSE anula congreso del MAS, Evo anuncia una batalla legal"},"content":{"rendered":"<p style=\"text-align: justify;\">El expresidente Evo Morales anunci\u00f3 que la dirigencia nacional del Movimiento Al Socialismo (MAS) se declar\u00f3 en estado de emergencia y movilizaci\u00f3n tras conocer que el Tribunal Supremo Electoral (TSE) determin\u00f3 anular el X Congreso del Movimiento Al Socialismo (MAS) desarrollado en la localidad de Lauca \u00d1, Cochabamba.<\/p>\n<p style=\"text-align: justify;\">En sus redes sociales, inform\u00f3 sobre la postura asumida en una reuni\u00f3n virtual que sostuvo con las dirigencias departamentales del partido oficialista luego de conocer la \u201cdecisi\u00f3n pol\u00edtica\u201d del ente electoral.<\/p>\n<p style=\"text-align: justify;\">\u201cJunto a nuestra militancia nos defenderemos legal, jur\u00eddica y pol\u00edticamente ante las instancias correspondientes hasta derrotar esta maniobra de un tribunal electoral sometido abiertamente al gobierno (sic)\u201d, a\u00f1adi\u00f3 Morales.<\/p>\n<p style=\"text-align: justify;\">Por unanimidad, la Sala Plena del TSE rechaz\u00f3 las decisiones del Congreso del MAS, realizado del 3 al 4 de octubre en Lauca \u00d1, donde fue reelegido Morales como su presidente e instruy\u00f3 un nuevo encuentro para elegir a la direcci\u00f3n nacional.<\/p>\n<p style=\"text-align: justify;\">La posici\u00f3n fue adoptada como resultado del trabajo de supervisi\u00f3n que hizo el Servicio Intercultural de Fortalecimiento Democr\u00e1tico (Sifde) al Congreso del partido oficialista MAS en Lauca \u00d1.<\/p>\n<p style=\"text-align: justify;\">El secretario de c\u00e1mara del TSE, Fernando Arteaga, precis\u00f3 que varios de los aspirantes a la direcci\u00f3n nacional del MAS no presentaron algunos requisitos ante el pres\u00eddium, entre ellos, el referido a la militancia.<\/p>\n<p style=\"text-align: justify;\">Batalla legal<\/p>\n<p style=\"text-align: justify;\">El abogado y exviceministro de Justicia, Diego Jim\u00e9nez, rechaz\u00f3 el informe del TSE y lo consider\u00f3 que fue emitido de manera \u201cilegal\u201d y \u201carbitraria\u201d desconociendo el propio informe del Sifde de supervisi\u00f3n.<\/p>\n<p style=\"text-align: justify;\">\u201cPor todos estos antecedentes y conociendo el informe del Sifde que ten\u00eda observaciones de forma, pero no de fondo\u201d, dijo.<\/p>\n","protected":false},"excerpt":{"rendered":"<p>El expresidente Evo Morales anunci\u00f3 que la dirigencia nacional del Movimiento Al Socialismo (MAS) se declar\u00f3 en estado de emergencia y movilizaci\u00f3n tras conocer que el Tribunal Supremo Electoral (TSE) determin\u00f3 anular el X Congreso del Movimiento Al Socialismo (MAS) desarrollado en la localidad de Lauca \u00d1, Cochabamba. En sus redes sociales, inform\u00f3 sobre la [&hellip;]<\/p>\n","protected":false},"author":4,"featured_media":60522,"comment_status":"open","ping_status":"closed","sticky":false,"template":"","format":"standard","meta":{"footnotes":""},"categories":[18,48,46],"tags":[],"class_list":{"0":"post-60521","1":"post","2":"type-post","3":"status-publish","4":"format-standard","5":"has-post-thumbnail","7":"category-politica","8":"category-portada-general-sitio","9":"category-portada-politica"},"_links":{"self":[{"href":"https:\/\/jms.com.bo\/mediamonitor\/wp-json\/wp\/v2\/posts\/60521","targetHints":{"allow":["GET"]}}],"collection":[{"href":"https:\/\/jms.com.bo\/mediamonitor\/wp-json\/wp\/v2\/posts"}],"about":[{"href":"https:\/\/jms.com.bo\/mediamonitor\/wp-json\/wp\/v2\/types\/post"}],"author":[{"embeddable":true,"href":"https:\/\/jms.com.bo\/mediamonitor\/wp-json\/wp\/v2\/users\/4"}],"replies":[{"embeddable":true,"href":"https:\/\/jms.com.bo\/mediamonitor\/wp-json\/wp\/v2\/comments?post=60521"}],"version-history":[{"count":0,"href":"https:\/\/jms.com.bo\/mediamonitor\/wp-json\/wp\/v2\/posts\/60521\/revisions"}],"wp:featuredmedia":[{"embeddable":true,"href":"https:\/\/jms.com.bo\/mediamonitor\/wp-json\/wp\/v2\/media\/60522"}],"wp:attachment":[{"href":"https:\/\/jms.com.bo\/mediamonitor\/wp-json\/wp\/v2\/media?parent=60521"}],"wp:term":[{"taxonomy":"category","embeddable":true,"href":"https:\/\/jms.com.bo\/mediamonitor\/wp-json\/wp\/v2\/categories?post=60521"},{"taxonomy":"post_tag","embeddable":true,"href":"https:\/\/jms.com.bo\/mediamonitor\/wp-json\/wp\/v2\/tags?post=60521"}],"curies":[{"name":"wp","href":"https:\/\/api.w.org\/{rel}","templated":true}]}}