{"id":60523,"date":"2023-11-01T06:39:36","date_gmt":"2023-11-01T10:39:36","guid":{"rendered":"https:\/\/jms.com.bo\/mediamonitor\/2023\/11\/01\/gobierno-y-caneros-volveran-a-reunirse-en-noviembre-para-definir-precio-del-etanol\/"},"modified":"2023-11-01T06:39:36","modified_gmt":"2023-11-01T10:39:36","slug":"gobierno-y-caneros-volveran-a-reunirse-en-noviembre-para-definir-precio-del-etanol","status":"publish","type":"post","link":"https:\/\/jms.com.bo\/mediamonitor\/2023\/11\/01\/gobierno-y-caneros-volveran-a-reunirse-en-noviembre-para-definir-precio-del-etanol\/","title":{"rendered":"Gobierno y ca\u00f1eros volver\u00e1n a reunirse en noviembre para definir precio del etanol"},"content":{"rendered":"<p style=\"text-align: justify;\">El Gobierno y los productores de ca\u00f1a del departamento de Santa Cruz acordaron volver a reunirse el 13 de noviembre para definir el precio del etanal que compra Yacimientos Petrol\u00edferos Fiscales Bolivianos (YPFB) para producir biocombustible.<\/p>\n<p style=\"text-align: justify;\">\u201cAmbas partes acordaron el inicio de las mesas t\u00e9cnicas de trabajo el pr\u00f3ximo 13 de noviembre, con el prop\u00f3sito de planificar el pr\u00f3ximo convenio\u201d, se\u00f1ala una publicaci\u00f3n del Ministerio de Hidrocarburos y Energ\u00edas.<\/p>\n<p style=\"text-align: justify;\">De parte del Gobierno, en el encuentro participaron los viceministros de Industrializaci\u00f3n, Comercializaci\u00f3n, Transporte y Almacenamiento de Hidrocarburos; de Desarrollo Rural y Agropecuario; de Pol\u00edticas de la Industrializaci\u00f3n; de Medio Ambiente Biodiversidad, Cambios Clim\u00e1ticos; y de Gesti\u00f3n y Desarrollo Forestal; Willan Donaire, \u00c1lvaro Mollinedo, Luis Siles y Franz Quispe, respectivamente; adem\u00e1s de representantes de YPFB.<\/p>\n<p style=\"text-align: justify;\">El viceministro Donaire dijo que en la reuni\u00f3n celebrada el lunes en la ciudad de Santa Cruz de la Sierra hubo avances en torno al proyecto del etanol. Explic\u00f3 que es necesario afinar algunos detalles para los pr\u00f3ximos cinco a\u00f1os.<\/p>\n<p style=\"text-align: justify;\">\u201cYa han pasado cinco a\u00f1os de este proyecto del etanol y es necesario que nos pongamos de acuerdo para las nuevas demandas para los pr\u00f3ximos cinco a\u00f1os, para lo que se viene de aqu\u00ed en adelante, para el tema del precio y otros\u201d, manifest\u00f3 la autoridad citada por Unitel.<\/p>\n<p style=\"text-align: justify;\">Este a\u00f1o, la estatal petrolera adquiri\u00f3 180 millones de litros de etanol y se espera alcanzar los 190 millones de litros, dijo el viceministro.<\/p>\n<p style=\"text-align: justify;\">\u201cEl precio est\u00e1 establecido en 4.80 bolivianos por litro, hasta diciembre de este a\u00f1o. A partir de enero de 2024 vamos a trabajar en las mesas de trabajo para ver esa situaci\u00f3n\u201d, manifest\u00f3.<\/p>\n<p style=\"text-align: justify;\">\n<p style=\"text-align: justify;\">\n","protected":false},"excerpt":{"rendered":"<p>El Gobierno y los productores de ca\u00f1a del departamento de Santa Cruz acordaron volver a reunirse el 13 de noviembre para definir el precio del etanal que compra Yacimientos Petrol\u00edferos Fiscales Bolivianos (YPFB) para producir biocombustible. \u201cAmbas partes acordaron el inicio de las mesas t\u00e9cnicas de trabajo el pr\u00f3ximo 13 de noviembre, con el prop\u00f3sito [&hellip;]<\/p>\n","protected":false},"author":4,"featured_media":60524,"comment_status":"open","ping_status":"closed","sticky":false,"template":"","format":"standard","meta":{"footnotes":""},"categories":[25],"tags":[],"class_list":{"0":"post-60523","1":"post","2":"type-post","3":"status-publish","4":"format-standard","5":"has-post-thumbnail","7":"category-economia"},"_links":{"self":[{"href":"https:\/\/jms.com.bo\/mediamonitor\/wp-json\/wp\/v2\/posts\/60523","targetHints":{"allow":["GET"]}}],"collection":[{"href":"https:\/\/jms.com.bo\/mediamonitor\/wp-json\/wp\/v2\/posts"}],"about":[{"href":"https:\/\/jms.com.bo\/mediamonitor\/wp-json\/wp\/v2\/types\/post"}],"author":[{"embeddable":true,"href":"https:\/\/jms.com.bo\/mediamonitor\/wp-json\/wp\/v2\/users\/4"}],"replies":[{"embeddable":true,"href":"https:\/\/jms.com.bo\/mediamonitor\/wp-json\/wp\/v2\/comments?post=60523"}],"version-history":[{"count":0,"href":"https:\/\/jms.com.bo\/mediamonitor\/wp-json\/wp\/v2\/posts\/60523\/revisions"}],"wp:featuredmedia":[{"embeddable":true,"href":"https:\/\/jms.com.bo\/mediamonitor\/wp-json\/wp\/v2\/media\/60524"}],"wp:attachment":[{"href":"https:\/\/jms.com.bo\/mediamonitor\/wp-json\/wp\/v2\/media?parent=60523"}],"wp:term":[{"taxonomy":"category","embeddable":true,"href":"https:\/\/jms.com.bo\/mediamonitor\/wp-json\/wp\/v2\/categories?post=60523"},{"taxonomy":"post_tag","embeddable":true,"href":"https:\/\/jms.com.bo\/mediamonitor\/wp-json\/wp\/v2\/tags?post=60523"}],"curies":[{"name":"wp","href":"https:\/\/api.w.org\/{rel}","templated":true}]}}