{"id":60525,"date":"2023-11-01T06:43:40","date_gmt":"2023-11-01T10:43:40","guid":{"rendered":"https:\/\/jms.com.bo\/mediamonitor\/2023\/11\/01\/crecimiento-del-pib-en-2-no-llega-a-todos-y-bolivia-se-ubica-ultima-en-pib-per-capita\/"},"modified":"2023-11-01T06:43:40","modified_gmt":"2023-11-01T10:43:40","slug":"crecimiento-del-pib-en-2-no-llega-a-todos-y-bolivia-se-ubica-ultima-en-pib-per-capita","status":"publish","type":"post","link":"https:\/\/jms.com.bo\/mediamonitor\/2023\/11\/01\/crecimiento-del-pib-en-2-no-llega-a-todos-y-bolivia-se-ubica-ultima-en-pib-per-capita\/","title":{"rendered":"Crecimiento del PIB en 2% no llega a todos y Bolivia se ubica \u00faltima en PIB per c\u00e1pita"},"content":{"rendered":"<p style=\"text-align: justify;\">El crecimiento del Producto Interno Bruto (PIB) en 2,21 por ciento al segundo trimestre de este a\u00f1o no se refleja en todos los sectores de la econom\u00eda y ni siquiera en el grueso de la poblaci\u00f3n, seg\u00fan dos analistas econ\u00f3micos. Por otro lado, pese a que el Gobierno se\u00f1ala que el pa\u00eds es tercero en crecimiento en la regi\u00f3n, al a\u00f1o pasado Bolivia continuaba como \u00faltimo en el PIB per c\u00e1pita de Sudam\u00e9rica.<\/p>\n<p style=\"text-align: justify;\">El economista Joshua Bellot indic\u00f3 que har\u00eda falta que la econom\u00eda del pa\u00eds creciera en un 10 por ciento para que el 85 por ciento de la poblaci\u00f3n econ\u00f3micamente activa sienta una mejor\u00eda en su situaci\u00f3n por un efecto \u201crebalse\u201d. \u201cEl Crecimiento no es inclusivo, sino de unos pocos\u201d, indic\u00f3.<\/p>\n<p style=\"text-align: justify;\">Bellot a\u00f1adi\u00f3 que el modelo econ\u00f3mico \u201cha destruido\u201d el tejido empresarial y ha expulsado a miles de bolivianos a la informalidad.<\/p>\n<p style=\"text-align: justify;\">De acuerdo con datos oficiales, los sectores que m\u00e1s crecieron fueron los de \u201cotros servicios\u201d (11,11 por ciento) y de \u201celectricidad, gas y agua\u201d en 5,32 por ciento. Pero la industria manufacturera decreci\u00f3 en 0,80 por ciento y el sector de petr\u00f3leo y gas natural a\u00fan m\u00e1s: 5,70 por ciento.<\/p>\n<p style=\"text-align: justify;\">\u201cEsta situaci\u00f3n es realmente cr\u00edtica, ya que, a pesar de todo, nuestra econom\u00eda se sostiene en parte con la exportaci\u00f3n de hidrocarburos\u201d, dijo el analista Luis Fernando Romero, quien record\u00f3 que en el primer trimestre de este a\u00f1o el sector petrolero ya hab\u00eda decrecido en 2,54 por ciento.<\/p>\n<p style=\"text-align: justify;\">Estancados<\/p>\n<p style=\"text-align: justify;\">Ambos economistas coincidieron en que este a\u00f1o la econom\u00eda apunta a crecer alrededor de un 2 por ciento, lejos de la proyecci\u00f3n de 4,86 por ciento que hizo el Ejecutivo. Y para el a\u00f1o los pron\u00f3sticos podr\u00edan ser a\u00fan m\u00e1s pesimistas.<\/p>\n<p style=\"text-align: justify;\">\u201cEs un hecho que nuestra econom\u00eda se ralentiz\u00f3. Sin duda, es un barco a la deriva, a la merced de los vientos de los mercados internacionales\u201d, apunt\u00f3 Romero.<\/p>\n<p style=\"text-align: justify;\">A la cola en la regi\u00f3n<\/p>\n<p style=\"text-align: justify;\">Bolivia ocupa el \u00faltimo lugar en PIB per c\u00e1pita en la regi\u00f3n, de acuerdo a datos del Banco Mundial. Esta es una tendencia que se repite a\u00f1o tras a\u00f1o, y para el 2022 la situaci\u00f3n no cambi\u00f3 (ver infograf\u00eda).<\/p>\n<p style=\"text-align: justify;\">Bellot dijo que este panorama contradice el discurso gubernamental de que Bolivia est\u00e1 a la cabeza en crecimiento econ\u00f3mico en Sudam\u00e9rica. \u201cDe hecho, en cuanto a PIB per c\u00e1pita, la brecha con los otros pa\u00edses ha ido en aumento y eso quiere decir que los otros pa\u00edses est\u00e1n m\u00e1s avanzados\u201d, dijo el analista, al se\u00f1alar que la poblaci\u00f3n en Bolivia crece m\u00e1s r\u00e1pido que la econom\u00eda.<\/p>\n<p style=\"text-align: justify;\">Escasez de d\u00f3lares puede empeorar<\/p>\n<p style=\"text-align: justify;\">El mercado externo decreci\u00f3 al segundo trimestre de este a\u00f1o en 5,06 por ciento, esto se debe a una ca\u00edda de las exportaciones en 3,71 por ciento y un aumento de las exportaciones en 1,35 por ciento, seg\u00fan datos del Ministerio de Planificaci\u00f3n del Desarrollo.<\/p>\n<p style=\"text-align: justify;\">Este panorama afectar\u00e1 a la ya preocupante escasez de d\u00f3lares que se vive en el pa\u00eds y que podr\u00eda agudizarse al a\u00f1o con los millones de d\u00f3lares que el pa\u00eds dejar\u00e1 de percibir por el cierre del mercado gas\u00edfero de la Argentina, dijo el economista Joshua Bellot.<\/p>\n","protected":false},"excerpt":{"rendered":"<p>El crecimiento del Producto Interno Bruto (PIB) en 2,21 por ciento al segundo trimestre de este a\u00f1o no se refleja en todos los sectores de la econom\u00eda y ni siquiera en el grueso de la poblaci\u00f3n, seg\u00fan dos analistas econ\u00f3micos. Por otro lado, pese a que el Gobierno se\u00f1ala que el pa\u00eds es tercero en [&hellip;]<\/p>\n","protected":false},"author":4,"featured_media":60526,"comment_status":"open","ping_status":"closed","sticky":false,"template":"","format":"standard","meta":{"footnotes":""},"categories":[25],"tags":[],"class_list":{"0":"post-60525","1":"post","2":"type-post","3":"status-publish","4":"format-standard","5":"has-post-thumbnail","7":"category-economia"},"_links":{"self":[{"href":"https:\/\/jms.com.bo\/mediamonitor\/wp-json\/wp\/v2\/posts\/60525","targetHints":{"allow":["GET"]}}],"collection":[{"href":"https:\/\/jms.com.bo\/mediamonitor\/wp-json\/wp\/v2\/posts"}],"about":[{"href":"https:\/\/jms.com.bo\/mediamonitor\/wp-json\/wp\/v2\/types\/post"}],"author":[{"embeddable":true,"href":"https:\/\/jms.com.bo\/mediamonitor\/wp-json\/wp\/v2\/users\/4"}],"replies":[{"embeddable":true,"href":"https:\/\/jms.com.bo\/mediamonitor\/wp-json\/wp\/v2\/comments?post=60525"}],"version-history":[{"count":0,"href":"https:\/\/jms.com.bo\/mediamonitor\/wp-json\/wp\/v2\/posts\/60525\/revisions"}],"wp:featuredmedia":[{"embeddable":true,"href":"https:\/\/jms.com.bo\/mediamonitor\/wp-json\/wp\/v2\/media\/60526"}],"wp:attachment":[{"href":"https:\/\/jms.com.bo\/mediamonitor\/wp-json\/wp\/v2\/media?parent=60525"}],"wp:term":[{"taxonomy":"category","embeddable":true,"href":"https:\/\/jms.com.bo\/mediamonitor\/wp-json\/wp\/v2\/categories?post=60525"},{"taxonomy":"post_tag","embeddable":true,"href":"https:\/\/jms.com.bo\/mediamonitor\/wp-json\/wp\/v2\/tags?post=60525"}],"curies":[{"name":"wp","href":"https:\/\/api.w.org\/{rel}","templated":true}]}}