{"id":60527,"date":"2023-11-01T06:44:54","date_gmt":"2023-11-01T10:44:54","guid":{"rendered":"https:\/\/jms.com.bo\/mediamonitor\/2023\/11\/01\/la-asamblea-cierra-la-legislatura-2022-2023-sin-aprobar-el-pge-reformulado\/"},"modified":"2023-11-01T06:44:54","modified_gmt":"2023-11-01T10:44:54","slug":"la-asamblea-cierra-la-legislatura-2022-2023-sin-aprobar-el-pge-reformulado","status":"publish","type":"post","link":"https:\/\/jms.com.bo\/mediamonitor\/2023\/11\/01\/la-asamblea-cierra-la-legislatura-2022-2023-sin-aprobar-el-pge-reformulado\/","title":{"rendered":"La Asamblea cierra la legislatura 2022-2023 sin aprobar el PGE Reformulado"},"content":{"rendered":"<p style=\"text-align: justify;\">El pleno de la Asamblea Legislativa Plurinacional pospuso el tratamiento del proyecto de ley de modificaciones al Presupuesto General del Estado (PGE) 2023 Reformulado para la pr\u00f3xima gesti\u00f3n legislativa.<\/p>\n<p style=\"text-align: justify;\">\u201cDe conformidad a lo previsto en el numeral 6 del art\u00edculo 163 de la Constituci\u00f3n Pol\u00edtica de Estado, el proyecto de ley ser\u00e1 considerado en una pr\u00f3xima sesi\u00f3n de Asamblea\u201d, se\u00f1al\u00f3 el presidente de la Asamblea, David Choquehuanca.<\/p>\n<p style=\"text-align: justify;\">Tras el aplazamiento de la norma, en el marco de la d\u00e9cimo novena sesi\u00f3n ordinaria para la clausura de la legislatura 2022-2023, los presidentes de las c\u00e1maras de Senadores y Diputados, Andr\u00f3nico Rodr\u00edguez y Jerges Mercado, respectivamente, dieron su informe de gesti\u00f3n.<\/p>\n<p style=\"text-align: justify;\">El lunes, la C\u00e1mara de Diputados rechaz\u00f3 las modificaciones del reformulado del Presupuesto General del Estado (PGE) 2023 y el documento pas\u00f3 a ser discutido en el pleno de la Asamblea.<\/p>\n<p style=\"text-align: justify;\">Un total de 121 diputados asistieron a la sesi\u00f3n legislativa. 63 legisladores votaron el rechazo a las modificaciones del proyecto, mientras que 55 votos fueron a favor.<\/p>\n<p style=\"text-align: justify;\">El 25 de octubre de 2023, el pleno de la C\u00e1mara de Senadores aprob\u00f3 con modificaciones el PGE Reformulado; eliminaron todas las disposiciones adicionales y en cumplimiento a la normativa vigente, devolvi\u00f3 el proyecto de ley a la C\u00e1mara de Diputados, la cual \u2015como C\u00e1mara de origen\u2015 sesion\u00f3 el lunes para someter a votaci\u00f3n los ajustes realizados a la norma.<\/p>\n<p style=\"text-align: justify;\">La ma\u00f1ana de martes, el ministro de Econom\u00eda y Finanzas P\u00fablicas, Marcelo Montenegro, pidi\u00f3 a los legisladores aprobar el proyecto de ley del PGE 2023 Reformulado para no perjudicar la ejecuci\u00f3n de los recursos de las Entidades Territoriales Aut\u00f3nomas (ETA), principalmente municipios y universidades.<\/p>\n<p style=\"text-align: justify;\">\u201cExhortamos a nuestros asamble\u00edstas para que los entes subnacionales, especialmente las universidades, que tienen que llegar a fin de a\u00f1o con recursos lo puedan hacer; tambi\u00e9n los municipios y todas las entidades que tengan que utilizar estos recursos para los desastres y afrontar las emergencias a nivel nacional\u201d, explic\u00f3 Montenegro en contacto con la prensa.<\/p>\n","protected":false},"excerpt":{"rendered":"<p>El pleno de la Asamblea Legislativa Plurinacional pospuso el tratamiento del proyecto de ley de modificaciones al Presupuesto General del Estado (PGE) 2023 Reformulado para la pr\u00f3xima gesti\u00f3n legislativa. \u201cDe conformidad a lo previsto en el numeral 6 del art\u00edculo 163 de la Constituci\u00f3n Pol\u00edtica de Estado, el proyecto de ley ser\u00e1 considerado en una [&hellip;]<\/p>\n","protected":false},"author":4,"featured_media":60528,"comment_status":"open","ping_status":"closed","sticky":false,"template":"","format":"standard","meta":{"footnotes":""},"categories":[25,45,48],"tags":[],"class_list":{"0":"post-60527","1":"post","2":"type-post","3":"status-publish","4":"format-standard","5":"has-post-thumbnail","7":"category-economia","8":"category-portada-economia","9":"category-portada-general-sitio"},"_links":{"self":[{"href":"https:\/\/jms.com.bo\/mediamonitor\/wp-json\/wp\/v2\/posts\/60527","targetHints":{"allow":["GET"]}}],"collection":[{"href":"https:\/\/jms.com.bo\/mediamonitor\/wp-json\/wp\/v2\/posts"}],"about":[{"href":"https:\/\/jms.com.bo\/mediamonitor\/wp-json\/wp\/v2\/types\/post"}],"author":[{"embeddable":true,"href":"https:\/\/jms.com.bo\/mediamonitor\/wp-json\/wp\/v2\/users\/4"}],"replies":[{"embeddable":true,"href":"https:\/\/jms.com.bo\/mediamonitor\/wp-json\/wp\/v2\/comments?post=60527"}],"version-history":[{"count":0,"href":"https:\/\/jms.com.bo\/mediamonitor\/wp-json\/wp\/v2\/posts\/60527\/revisions"}],"wp:featuredmedia":[{"embeddable":true,"href":"https:\/\/jms.com.bo\/mediamonitor\/wp-json\/wp\/v2\/media\/60528"}],"wp:attachment":[{"href":"https:\/\/jms.com.bo\/mediamonitor\/wp-json\/wp\/v2\/media?parent=60527"}],"wp:term":[{"taxonomy":"category","embeddable":true,"href":"https:\/\/jms.com.bo\/mediamonitor\/wp-json\/wp\/v2\/categories?post=60527"},{"taxonomy":"post_tag","embeddable":true,"href":"https:\/\/jms.com.bo\/mediamonitor\/wp-json\/wp\/v2\/tags?post=60527"}],"curies":[{"name":"wp","href":"https:\/\/api.w.org\/{rel}","templated":true}]}}