{"id":60529,"date":"2023-11-01T06:47:59","date_gmt":"2023-11-01T10:47:59","guid":{"rendered":"https:\/\/jms.com.bo\/mediamonitor\/2023\/11\/01\/anuncian-en-india-presupuesto-millonario-para-fondo-solar-global\/"},"modified":"2023-11-01T06:47:59","modified_gmt":"2023-11-01T10:47:59","slug":"anuncian-en-india-presupuesto-millonario-para-fondo-solar-global","status":"publish","type":"post","link":"https:\/\/jms.com.bo\/mediamonitor\/2023\/11\/01\/anuncian-en-india-presupuesto-millonario-para-fondo-solar-global\/","title":{"rendered":"Anuncian en India presupuesto millonario para Fondo Solar Global"},"content":{"rendered":"<p style=\"text-align: justify;\">El ministro de Energ\u00eda y Energ\u00edas Nuevas y Renovables de la India y presidente de la Asamblea de la ISA, RK Singh, dijo que el objetivo es recaudar 100 millones de d\u00f3lares para el fondo, dise\u00f1ado con el objetivo de catalizar inversiones en segmentos y geograf\u00edas desatendidos de \u00c1frica.<\/p>\n<p style=\"text-align: justify;\">Singh apunt\u00f3 que el Gobierno de la India est\u00e1 considerando un aporte de 25 millones de d\u00f3lares, a los cuales se sumar\u00e1n otros 10 millones provenientes de la ISA, signific\u00f3.<\/p>\n<p style=\"text-align: justify;\">Dicho financiamiento, reforzado por garant\u00edas de pago, seguros y fondos de inversi\u00f3n, pretende mitigar los riesgos de los proyectos, brindar asistencia t\u00e9cnica para abordar las brechas regulatorias, reducir los riesgos cambiarios y resolver incertidumbres contractuales y financieras en el sector de la energ\u00eda solar, acot\u00f3.<\/p>\n<p style=\"text-align: justify;\">En un futuro se prev\u00e9 la expansi\u00f3n de la iniciativa a Asia, Am\u00e9rica Latina y Medio Oriente, donde las instalaciones regionales se adaptar\u00e1n para cumplir con requisitos espec\u00edficos, detall\u00f3.<\/p>\n<p style=\"text-align: justify;\">El ministro indio puntualiz\u00f3 que tambi\u00e9n se planea invertir en tecnolog\u00edas innovadoras para mejorar la eficiencia, apoyar a las empresas emergentes en busca de una implementaci\u00f3n m\u00e1s r\u00e1pida de la energ\u00eda solar y explorar sectores emergentes dentro de la esfera.<\/p>\n<p style=\"text-align: justify;\">Para ello, se espera asimismo que despierte el inter\u00e9s del capital privado para fluir hacia proyectos novedosos y de uso productivo, se\u00f1al\u00f3..<\/p>\n<p style=\"text-align: justify;\">El funcionario subray\u00f3 el inmenso potencial de Africa en el despliegue de capacidades de energ\u00eda solar, pero debido a los riesgos en las inversiones, la regi\u00f3n no ha podido aprovecharlo, acot\u00f3.<\/p>\n<p style=\"text-align: justify;\">Por su parte, el director general de la Alianza Solar Internacional, Ajay Mathur, especific\u00f3 que GSF est\u00e1 dise\u00f1ado para brindar a los inversores la confianza para emprender proyectos en \u00c1frica.<\/p>\n<p style=\"text-align: justify;\">Tmbi\u00e9n permitir\u00e1 inversiones por valor de 10 mil millones de d\u00f3lares, lo que facilitar\u00e1 el acceso para 2030 a energ\u00eda limpia en aproximadamente 40 millones de hogares y beneficiar\u00e1 a alrededor de 200 millones de personas en la regi\u00f3n.<\/p>\n<p style=\"text-align: justify;\">Sobre la importancia del GSF, Mathur agreg\u00f3 que se requieren 12,5 billones de d\u00f3lares en energ\u00eda renovable y 23 mil millones de d\u00f3lares en la generada mediante el sol para cubrir la demanda mundial en 2030.<\/p>\n<p style=\"text-align: justify;\">Sin embargo, lament\u00f3 que el aporte actual es insuficiente pues solo constituye el 10 por ciento de la cantidad necesaria para lograr emisiones netas cero.<\/p>\n<p style=\"text-align: justify;\">Adem\u00e1s, dijo, existe una profunda disparidad en las inversiones.<\/p>\n<p style=\"text-align: justify;\">La inversi\u00f3n per c\u00e1pita en energ\u00eda renovable en \u00c1frica subsahariana se desplom\u00f3 un 44 por ciento de 2015 a 2021, mientras que reflejo del marcado contraste, los aportes en Am\u00e9rica del Norte son 41 veces mayores y en Europa son 57 veces superiores, ejemplific\u00f3.<\/p>\n<p style=\"text-align: justify;\">Por ende, se\u00f1al\u00f3 el GSF promover\u00e1 la visi\u00f3n india de abordar la necesidad urgente de acceso universal a la energ\u00eda y una transici\u00f3n a la energ\u00eda limpia.<\/p>\n","protected":false},"excerpt":{"rendered":"<p>El ministro de Energ\u00eda y Energ\u00edas Nuevas y Renovables de la India y presidente de la Asamblea de la ISA, RK Singh, dijo que el objetivo es recaudar 100 millones de d\u00f3lares para el fondo, dise\u00f1ado con el objetivo de catalizar inversiones en segmentos y geograf\u00edas desatendidos de \u00c1frica. Singh apunt\u00f3 que el Gobierno de [&hellip;]<\/p>\n","protected":false},"author":4,"featured_media":60530,"comment_status":"open","ping_status":"closed","sticky":false,"template":"","format":"standard","meta":{"footnotes":""},"categories":[39],"tags":[],"class_list":{"0":"post-60529","1":"post","2":"type-post","3":"status-publish","4":"format-standard","5":"has-post-thumbnail","7":"category-energia"},"_links":{"self":[{"href":"https:\/\/jms.com.bo\/mediamonitor\/wp-json\/wp\/v2\/posts\/60529","targetHints":{"allow":["GET"]}}],"collection":[{"href":"https:\/\/jms.com.bo\/mediamonitor\/wp-json\/wp\/v2\/posts"}],"about":[{"href":"https:\/\/jms.com.bo\/mediamonitor\/wp-json\/wp\/v2\/types\/post"}],"author":[{"embeddable":true,"href":"https:\/\/jms.com.bo\/mediamonitor\/wp-json\/wp\/v2\/users\/4"}],"replies":[{"embeddable":true,"href":"https:\/\/jms.com.bo\/mediamonitor\/wp-json\/wp\/v2\/comments?post=60529"}],"version-history":[{"count":0,"href":"https:\/\/jms.com.bo\/mediamonitor\/wp-json\/wp\/v2\/posts\/60529\/revisions"}],"wp:featuredmedia":[{"embeddable":true,"href":"https:\/\/jms.com.bo\/mediamonitor\/wp-json\/wp\/v2\/media\/60530"}],"wp:attachment":[{"href":"https:\/\/jms.com.bo\/mediamonitor\/wp-json\/wp\/v2\/media?parent=60529"}],"wp:term":[{"taxonomy":"category","embeddable":true,"href":"https:\/\/jms.com.bo\/mediamonitor\/wp-json\/wp\/v2\/categories?post=60529"},{"taxonomy":"post_tag","embeddable":true,"href":"https:\/\/jms.com.bo\/mediamonitor\/wp-json\/wp\/v2\/tags?post=60529"}],"curies":[{"name":"wp","href":"https:\/\/api.w.org\/{rel}","templated":true}]}}