{"id":60543,"date":"2023-11-02T07:48:19","date_gmt":"2023-11-02T11:48:19","guid":{"rendered":"https:\/\/jms.com.bo\/mediamonitor\/2023\/11\/02\/los-dos-hermanos-infectados-con-meningitis-se-recuperan-favorablemente\/"},"modified":"2023-11-02T07:48:19","modified_gmt":"2023-11-02T11:48:19","slug":"los-dos-hermanos-infectados-con-meningitis-se-recuperan-favorablemente","status":"publish","type":"post","link":"https:\/\/jms.com.bo\/mediamonitor\/2023\/11\/02\/los-dos-hermanos-infectados-con-meningitis-se-recuperan-favorablemente\/","title":{"rendered":"Los dos hermanos infectados con meningitis se recuperan favorablemente"},"content":{"rendered":"<p style=\"text-align: justify;\">Los dos escolares del Instituto Americano de la ciudad de La Paz, de seis y ocho a\u00f1os y que dieron positivo a la enfermedad de meningitis, se recuperan favorablemente y tras salir de terapia intensiva. El establecimiento educativo pasa por un proceso estricto de desinfecci\u00f3n para reanudar las clases.<\/p>\n<p style=\"text-align: justify;\">\u201cAmbos menores estaban en terapia intensiva, al momento ya pasaron a terapia intermedia, tienen una evoluci\u00f3n favorable y esperemos que siga as\u00ed para que sean dados de alta\u201d, inform\u00f3 la jefa de la Unidad de Epidemiolog\u00eda del Servicio Departamental de Salud (Sedes) La Paz, Gabriela Mamani.<\/p>\n<p style=\"text-align: justify;\">El caso fue reportado como sospechoso el s\u00e1bado 28 de octubre, tras la toma de muestras a los menores y confirmaci\u00f3n del laboratorio que se trata de meningitis por Streptococcus pneumoniae, se inform\u00f3 a las autoridades de Educaci\u00f3n y Salud, adem\u00e1s al establecimiento educativo para que suspenda las labores educativas.<\/p>\n<p style=\"text-align: justify;\">Seg\u00fan Mamani la bacteria que atac\u00f3 a los ni\u00f1os \u201cno es muy contagiosa\u201d y no se report\u00f3 el fallecimiento, como algunos medios de prensa habr\u00edan indicado. \u201cSe tergivers\u00f3 la informaci\u00f3n\u201d, dijo y aclar\u00f3 que la presencia de la enfermedad en los ni\u00f1os se debe a resfr\u00edos mal curado, complicado con una sinusitis cr\u00f3nica y deriv\u00f3 en meningitis.<\/p>\n<p style=\"text-align: justify;\">Por esta situaci\u00f3n es que personal del Sedes, una vez conocido el brote, se desplazaron al establecimiento y desde el lunes proceden a realizar la desinfecci\u00f3n de todos los ambientes y otros ambientes, que seg\u00fan la recomendaci\u00f3n del Ministerio de Salud, deben ser tres jornadas, para mayor seguridad, es decir que los estudiantes podr\u00edan volver a clases el viernes, considerando que ma\u00f1ana es feriado.<\/p>\n<p style=\"text-align: justify;\">La titular de Salud, Mar\u00eda Ren\u00e9e Castro, anunci\u00f3 que instruy\u00f3 que se inicie una investigaci\u00f3n epidemiol\u00f3gica sobre la presencia de la enfermedad y el seguimiento respectivo para detectar nuevos casos, adem\u00e1s exhort\u00f3 a la poblaci\u00f3n a acudir a los centros de salud para inmunizar a los ni\u00f1os con la vacuna antineumoc\u00f3cica y proteger contra la infecci\u00f3n de meningitis.<\/p>\n<p style=\"text-align: justify;\">\u201cTenemos ni\u00f1os que deben ser inmunizados de aqu\u00ed en adelante protegiendo contra el neumococo y por eso es que nosotros exhortamos a que todas las familias acudan a completar todo el esquema de vacunaci\u00f3n en neumococo, influenza, la Covid-19, la ECR, la FDP, la Pentavalente, absolutamente todas las vacunas\u201d, dijo<\/p>\n<p style=\"text-align: justify;\">El ministro de Educaci\u00f3n, Edgar Pary, en conferencia de prensa, inform\u00f3 que se aprob\u00f3 la suspensi\u00f3n de clases en el establecimiento y respald\u00f3 la decisi\u00f3n del personal que, mediante comunicado, informaron que las clases presenciales, en los niveles de primaria y secundaria de los turnos ma\u00f1ana y tarde, tanto del \u00e1rea particular como de convenio, quedaban suspendidas, hasta nuevo aviso.<\/p>\n<p style=\"text-align: justify;\">La meningitis es una enfermedad que produce la inflamaci\u00f3n de los tejidos que rodean el cerebro y la m\u00e9dula espinal.<\/p>\n","protected":false},"excerpt":{"rendered":"<p>Los dos escolares del Instituto Americano de la ciudad de La Paz, de seis y ocho a\u00f1os y que dieron positivo a la enfermedad de meningitis, se recuperan favorablemente y tras salir de terapia intensiva. El establecimiento educativo pasa por un proceso estricto de desinfecci\u00f3n para reanudar las clases. \u201cAmbos menores estaban en terapia intensiva, [&hellip;]<\/p>\n","protected":false},"author":4,"featured_media":60544,"comment_status":"open","ping_status":"closed","sticky":false,"template":"","format":"standard","meta":{"footnotes":""},"categories":[53],"tags":[],"class_list":{"0":"post-60543","1":"post","2":"type-post","3":"status-publish","4":"format-standard","5":"has-post-thumbnail","7":"category-salud"},"_links":{"self":[{"href":"https:\/\/jms.com.bo\/mediamonitor\/wp-json\/wp\/v2\/posts\/60543","targetHints":{"allow":["GET"]}}],"collection":[{"href":"https:\/\/jms.com.bo\/mediamonitor\/wp-json\/wp\/v2\/posts"}],"about":[{"href":"https:\/\/jms.com.bo\/mediamonitor\/wp-json\/wp\/v2\/types\/post"}],"author":[{"embeddable":true,"href":"https:\/\/jms.com.bo\/mediamonitor\/wp-json\/wp\/v2\/users\/4"}],"replies":[{"embeddable":true,"href":"https:\/\/jms.com.bo\/mediamonitor\/wp-json\/wp\/v2\/comments?post=60543"}],"version-history":[{"count":0,"href":"https:\/\/jms.com.bo\/mediamonitor\/wp-json\/wp\/v2\/posts\/60543\/revisions"}],"wp:featuredmedia":[{"embeddable":true,"href":"https:\/\/jms.com.bo\/mediamonitor\/wp-json\/wp\/v2\/media\/60544"}],"wp:attachment":[{"href":"https:\/\/jms.com.bo\/mediamonitor\/wp-json\/wp\/v2\/media?parent=60543"}],"wp:term":[{"taxonomy":"category","embeddable":true,"href":"https:\/\/jms.com.bo\/mediamonitor\/wp-json\/wp\/v2\/categories?post=60543"},{"taxonomy":"post_tag","embeddable":true,"href":"https:\/\/jms.com.bo\/mediamonitor\/wp-json\/wp\/v2\/tags?post=60543"}],"curies":[{"name":"wp","href":"https:\/\/api.w.org\/{rel}","templated":true}]}}