{"id":60549,"date":"2023-11-02T07:53:15","date_gmt":"2023-11-02T11:53:15","guid":{"rendered":"https:\/\/jms.com.bo\/mediamonitor\/2023\/11\/02\/ayoreos-anuncian-bloqueo-de-la-carretera-bioceanica-en-robore-piden-apertura-de-accesos-a-sus-comunidades\/"},"modified":"2023-11-02T07:53:15","modified_gmt":"2023-11-02T11:53:15","slug":"ayoreos-anuncian-bloqueo-de-la-carretera-bioceanica-en-robore-piden-apertura-de-accesos-a-sus-comunidades","status":"publish","type":"post","link":"https:\/\/jms.com.bo\/mediamonitor\/2023\/11\/02\/ayoreos-anuncian-bloqueo-de-la-carretera-bioceanica-en-robore-piden-apertura-de-accesos-a-sus-comunidades\/","title":{"rendered":"Ayoreos anuncian bloqueo de la carretera bioce\u00e1nica en Robor\u00e9, piden apertura de accesos a sus comunidades"},"content":{"rendered":"<p style=\"text-align: justify;\">Los pobladores de la Comunidad Ind\u00edgena Ayorea Tobit\u00e9 anunciaron el bloqueo de la carretera bioce\u00e1nica, programado para este mi\u00e9rcoles en horas de la noche. Los originarios exigen a las autoridades departamentales y municipales el mejoramiento de las v\u00edas de acceso a sus comunidades.<\/p>\n<p style=\"text-align: justify;\">\u201cNos cansamos de dar plazos y no nos hacen caso\u201d, afirm\u00f3 a EL DEBER, Jos\u00e9 Chiqueno, cacique de la comunidad, que liderar\u00e1 el bloqueo en las pr\u00f3ximas horas.<\/p>\n<p style=\"text-align: justify;\">Chiqueno se\u00f1al\u00f3 que la Gobernaci\u00f3n se comprometi\u00f3 a mejorar sus caminos, pero no los hizo desde el a\u00f1o pasado. \u201cTenemos documentos firmados y no cumplen\u201d, asegur\u00f3 Chiqueno.<\/p>\n<p style=\"text-align: justify;\">Son al menos 26 kil\u00f3metro desde Peso\u00e9 hasta Tie U\u00f1\u00e1, que son las comunidades que forman parte del territorio Tobit\u00e9 en la jurisdicci\u00f3n del municipio de Robor\u00e9.<\/p>\n<p style=\"text-align: justify;\">Sobre el anuncio del bloqueo, Alejandro Quezada, director departamental de gesti\u00f3n provincial de la Gobernaci\u00f3n, afirm\u00f3 que no tiene sentido el bloqueo porque hay una reuni\u00f3n programada para el viernes con autoridades municipales de Robor\u00e9 para dar soluci\u00f3n a sus exigencias.<\/p>\n<p style=\"text-align: justify;\">\u201cEllos tambi\u00e9n estar\u00e1n el viernes en la reuni\u00f3n. No tiene raz\u00f3n de ser ese bloqueo que est\u00e1n anunciando\u201d, dijo Quezada. Por el anuncio, transportistas y pasajeros deber\u00e1n tomar sus previsiones para evitar quedar varados en la carretera en las siguientes horas.<\/p>\n<p style=\"text-align: justify;\">\n","protected":false},"excerpt":{"rendered":"<p>Los pobladores de la Comunidad Ind\u00edgena Ayorea Tobit\u00e9 anunciaron el bloqueo de la carretera bioce\u00e1nica, programado para este mi\u00e9rcoles en horas de la noche. Los originarios exigen a las autoridades departamentales y municipales el mejoramiento de las v\u00edas de acceso a sus comunidades. \u201cNos cansamos de dar plazos y no nos hacen caso\u201d, afirm\u00f3 a [&hellip;]<\/p>\n","protected":false},"author":4,"featured_media":60550,"comment_status":"open","ping_status":"closed","sticky":false,"template":"","format":"standard","meta":{"footnotes":""},"categories":[49],"tags":[],"class_list":{"0":"post-60549","1":"post","2":"type-post","3":"status-publish","4":"format-standard","5":"has-post-thumbnail","7":"category-social"},"_links":{"self":[{"href":"https:\/\/jms.com.bo\/mediamonitor\/wp-json\/wp\/v2\/posts\/60549","targetHints":{"allow":["GET"]}}],"collection":[{"href":"https:\/\/jms.com.bo\/mediamonitor\/wp-json\/wp\/v2\/posts"}],"about":[{"href":"https:\/\/jms.com.bo\/mediamonitor\/wp-json\/wp\/v2\/types\/post"}],"author":[{"embeddable":true,"href":"https:\/\/jms.com.bo\/mediamonitor\/wp-json\/wp\/v2\/users\/4"}],"replies":[{"embeddable":true,"href":"https:\/\/jms.com.bo\/mediamonitor\/wp-json\/wp\/v2\/comments?post=60549"}],"version-history":[{"count":0,"href":"https:\/\/jms.com.bo\/mediamonitor\/wp-json\/wp\/v2\/posts\/60549\/revisions"}],"wp:featuredmedia":[{"embeddable":true,"href":"https:\/\/jms.com.bo\/mediamonitor\/wp-json\/wp\/v2\/media\/60550"}],"wp:attachment":[{"href":"https:\/\/jms.com.bo\/mediamonitor\/wp-json\/wp\/v2\/media?parent=60549"}],"wp:term":[{"taxonomy":"category","embeddable":true,"href":"https:\/\/jms.com.bo\/mediamonitor\/wp-json\/wp\/v2\/categories?post=60549"},{"taxonomy":"post_tag","embeddable":true,"href":"https:\/\/jms.com.bo\/mediamonitor\/wp-json\/wp\/v2\/tags?post=60549"}],"curies":[{"name":"wp","href":"https:\/\/api.w.org\/{rel}","templated":true}]}}