{"id":60551,"date":"2023-11-02T07:54:34","date_gmt":"2023-11-02T11:54:34","guid":{"rendered":"https:\/\/jms.com.bo\/mediamonitor\/2023\/11\/02\/auriferos-presionaran-al-gobierno-para-entrar-a-areas-protegidas-y-explotar-oro\/"},"modified":"2023-11-02T07:54:34","modified_gmt":"2023-11-02T11:54:34","slug":"auriferos-presionaran-al-gobierno-para-entrar-a-areas-protegidas-y-explotar-oro","status":"publish","type":"post","link":"https:\/\/jms.com.bo\/mediamonitor\/2023\/11\/02\/auriferos-presionaran-al-gobierno-para-entrar-a-areas-protegidas-y-explotar-oro\/","title":{"rendered":"Aur\u00edferos presionar\u00e1n al Gobierno para entrar a \u00e1reas protegidas y explotar oro"},"content":{"rendered":"<p style=\"text-align: justify;\">Las cooperativistas mineras aur\u00edferas anunciaron que el pr\u00f3ximo lunes 6 de noviembre tomar\u00e1n la sede de gobierno para exigir su \u201cderecho\u201d a ingresar a las \u00e1reas protegidas y recibir financiamiento econ\u00f3mico del Estado para la compra de maquinaria, entre otras demandas.<\/p>\n<p style=\"text-align: justify;\">\u201cEl 6 de noviembre nos vamos a encontrar en movilizaci\u00f3n y posteriormente con bloqueos de caminos. No vemos otra alternativa, ya que desde 2020 nuestros pedidos no fueron resueltos\u201d, dijo ayer el presidente de una de las principales federaciones de cooperativas aur\u00edferas (Fecoman), Ramiro Balmaceda.<\/p>\n<p style=\"text-align: justify;\">La movilizaci\u00f3n incluir\u00e1 a cuatro federaciones: Fecoman, Ferreco, Ferecomin La Paz y Ferecomin Potos\u00ed, todas ellas aglutinadas en la nacional Fecmabol. Se anunci\u00f3 que m\u00e1s de 80 mil mineros ingresar\u00e1n por dos v\u00edas para paralizar la ciudad de La Paz por completo.<\/p>\n<p style=\"text-align: justify;\">Entre sus demandas (de nueve puntos) est\u00e1n la \u201cdefensa de los derechos mineros contra las acciones populares\u201d, la anulaci\u00f3n de una resoluci\u00f3n de la AJAM que deja de otorgar derechos mineros en \u00e1reas protegidas, y \u201cla prosecuci\u00f3n de tr\u00e1mites de adecuaci\u00f3n en \u00e1reas forestales con derechos preconstituidos\u201d.<\/p>\n<p style=\"text-align: justify;\">Las acciones populares han sido consideradas como uno de los \u00faltimos recursos para que los ind\u00edgenas se defiendan de la miner\u00eda que avasalla y contamina sus territorios.<\/p>\n<p style=\"text-align: justify;\">El abogado especialista en derecho ambiental Rodrigo Herrera se\u00f1al\u00f3 que ninguna de las demandas de los mineros es viable legalmente, ya que la Constituci\u00f3n establece obligaciones que los actores mineros deben cumplir.<\/p>\n<p style=\"text-align: justify;\">En ese sentido, dijo que al menos \u201cen el papel\u201d, las exigencias de los mineros no podr\u00edan ser cumplidas.<\/p>\n<p style=\"text-align: justify;\">Pero no son s\u00f3lo las normas nacionales las que ponen l\u00edmites a los intereses de los cooperativistas, sino tambi\u00e9n los acuerdos internacionales suscritos por Bolivia para resguardar las \u00e1reas protegidas y los parques nacionales.<\/p>\n<p style=\"text-align: justify;\">Los cooperativistas piden, adem\u00e1s, un trato impositivo especial con una al\u00edcuota \u00fanica del 4,8 por ciento y apoyo econ\u00f3mico del Estado para adquirir maquinaria y realizar procesos de industrializaci\u00f3n. Se estima que la movilizaci\u00f3n de los cooperativistas podr\u00eda durar hasta una semana.<\/p>\n<p style=\"text-align: justify;\">Cooperativistas venden oro al BCB<\/p>\n<p style=\"text-align: justify;\">Fecoman confirm\u00f3 que las cooperativas mineras est\u00e1n vendiendo oro al Banco Central de Bolivia (BCB) en el marco de la Ley 1503; sin embargo, no precis\u00f3 la cantidad que ha sido entregada. Hasta octubre, el BCB hab\u00eda comprado 1 tonelada de oro local para fortalecer las RIN.<\/p>\n<p style=\"text-align: justify;\">\n","protected":false},"excerpt":{"rendered":"<p>Las cooperativistas mineras aur\u00edferas anunciaron que el pr\u00f3ximo lunes 6 de noviembre tomar\u00e1n la sede de gobierno para exigir su \u201cderecho\u201d a ingresar a las \u00e1reas protegidas y recibir financiamiento econ\u00f3mico del Estado para la compra de maquinaria, entre otras demandas. \u201cEl 6 de noviembre nos vamos a encontrar en movilizaci\u00f3n y posteriormente con bloqueos [&hellip;]<\/p>\n","protected":false},"author":4,"featured_media":60552,"comment_status":"open","ping_status":"closed","sticky":false,"template":"","format":"standard","meta":{"footnotes":""},"categories":[49],"tags":[],"class_list":{"0":"post-60551","1":"post","2":"type-post","3":"status-publish","4":"format-standard","5":"has-post-thumbnail","7":"category-social"},"_links":{"self":[{"href":"https:\/\/jms.com.bo\/mediamonitor\/wp-json\/wp\/v2\/posts\/60551","targetHints":{"allow":["GET"]}}],"collection":[{"href":"https:\/\/jms.com.bo\/mediamonitor\/wp-json\/wp\/v2\/posts"}],"about":[{"href":"https:\/\/jms.com.bo\/mediamonitor\/wp-json\/wp\/v2\/types\/post"}],"author":[{"embeddable":true,"href":"https:\/\/jms.com.bo\/mediamonitor\/wp-json\/wp\/v2\/users\/4"}],"replies":[{"embeddable":true,"href":"https:\/\/jms.com.bo\/mediamonitor\/wp-json\/wp\/v2\/comments?post=60551"}],"version-history":[{"count":0,"href":"https:\/\/jms.com.bo\/mediamonitor\/wp-json\/wp\/v2\/posts\/60551\/revisions"}],"wp:featuredmedia":[{"embeddable":true,"href":"https:\/\/jms.com.bo\/mediamonitor\/wp-json\/wp\/v2\/media\/60552"}],"wp:attachment":[{"href":"https:\/\/jms.com.bo\/mediamonitor\/wp-json\/wp\/v2\/media?parent=60551"}],"wp:term":[{"taxonomy":"category","embeddable":true,"href":"https:\/\/jms.com.bo\/mediamonitor\/wp-json\/wp\/v2\/categories?post=60551"},{"taxonomy":"post_tag","embeddable":true,"href":"https:\/\/jms.com.bo\/mediamonitor\/wp-json\/wp\/v2\/tags?post=60551"}],"curies":[{"name":"wp","href":"https:\/\/api.w.org\/{rel}","templated":true}]}}