{"id":60553,"date":"2023-11-02T07:56:43","date_gmt":"2023-11-02T11:56:43","guid":{"rendered":"https:\/\/jms.com.bo\/mediamonitor\/2023\/11\/02\/arce-pone-en-vigencia-el-carnet-del-bicentenario-la-cedula-con-nuevo-diseno\/"},"modified":"2023-11-02T07:56:43","modified_gmt":"2023-11-02T11:56:43","slug":"arce-pone-en-vigencia-el-carnet-del-bicentenario-la-cedula-con-nuevo-diseno","status":"publish","type":"post","link":"https:\/\/jms.com.bo\/mediamonitor\/2023\/11\/02\/arce-pone-en-vigencia-el-carnet-del-bicentenario-la-cedula-con-nuevo-diseno\/","title":{"rendered":"Arce pone en vigencia el \u2018Carnet del Bicentenario\u2019, la c\u00e9dula con nuevo dise\u00f1o"},"content":{"rendered":"<p style=\"text-align: justify;\">En un emotivo y colorido acto, el Gobierno puso oficialmente en vigencia, este mi\u00e9rcoles, el nuevo carnet de identidad. El presidente Luis Arce destac\u00f3 que es un d\u00eda hist\u00f3rico porque se presenta la \u201cC\u00e9dula del Bicentenario\u201d.<\/p>\n<p style=\"text-align: justify;\">\u201cNosotros estamos muy contentos de presentar a Bolivia y el mundo nuestro carnet de identidad, un documento que va a ser conocido como la c\u00e9dula del bicentenario\u201d, enfatiz\u00f3 Arce al presentar el documento en la Casa Grande del Pueblo.<\/p>\n<p style=\"text-align: justify;\">Al acto asistieron tambi\u00e9n el vicepresidente David Choquehuanca, el ministro de Gobierno, Eduardo del Castillo; la directora del Servicio General de Identificaci\u00f3n Personal (Segip), Patricia Hermosa, y representantes de organizaciones sociales, del Gobierno y de la Alcald\u00eda de El Alto.<\/p>\n<p style=\"text-align: justify;\">Despu\u00e9s de 48 a\u00f1os, rige en Bolivia una nueva c\u00e9dula que aglutina cultura, tecnolog\u00eda e historia.<\/p>\n<p style=\"text-align: justify;\">A su turno, Del Castillo resalt\u00f3 lo que este carnet simboliza para todos los bolivianos. \u201cEs un d\u00eda muy importante para todos los bolivianos; todo el pueblo se va a sentir representado porque la c\u00e9dula sintetiza la historia, la memoria y la cultura. Representa la unidad del pueblo porque la pol\u00edtica puede dividirnos, pero la cultura nos llama a unirnos\u201d.<\/p>\n<p style=\"text-align: justify;\">CARNET DEL BICENTENARIO<\/p>\n<p style=\"text-align: justify;\">El nuevo carnet tiene una presentaci\u00f3n en anverso y reverso con elementos significativos de la cultura, historia, geograf\u00eda, fauna, flora y folklore del pa\u00eds.<\/p>\n<p style=\"text-align: justify;\">Los s\u00edmbolos patrios, como la wiphala, la flor de patuj\u00fa y la kantuta, tienen su espacio en este nuevo documento de los bolivianos.<\/p>\n<p style=\"text-align: justify;\">La directora del Segip present\u00f3 una cronolog\u00eda sobre la historia del carnet. Los bolivianos accedieron por primera vez a ella el 10 de diciembre de 1927. Fue en 1975 cuando se cambi\u00f3 la imagen, la que se conserva hasta hoy.<\/p>\n<p style=\"text-align: justify;\">Cabe recalcar que los documentos con la anterior versi\u00f3n seguir\u00e1n vigentes hasta su caducidad. El costo del tr\u00e1mite del nuevo documento se mantiene en Bs 17 y la poblaci\u00f3n ya puede concurrir a las oficinas del Segip a escala nacional.<\/p>\n<p style=\"text-align: justify;\">La c\u00e9dula del bicentenario contempla el c\u00f3digo MRZ, c\u00f3digo QR, est\u00e1ndares de seguridad internacional y grupo sangu\u00edneo, entre otros.<\/p>\n<p style=\"text-align: justify;\">\ud835\udc0b\ud835\udc1a \ud835\udc27\ud835\udc2e\ud835\udc1e\ud835\udc2f\ud835\udc1a \ud835\udc1c\ud835\udc1e\u0301\ud835\udc1d\ud835\udc2e\ud835\udc25\ud835\udc1a \ud835\udc1d\ud835\udc1e \ud835\udc22\ud835\udc1d\ud835\udc1e\ud835\udc27\ud835\udc2d\ud835\udc22\ud835\udc1d\ud835\udc1a\ud835\udc1d \ud835\udc1c\ud835\udc28\ud835\udc27\ud835\udc2d\ud835\udc22\ud835\udc27\ud835\udc2e\ud835\udc1a\ud835\udc2b\ud835\udc1a\u0301 \ud835\udc2d\ud835\udc1e\ud835\udc27\ud835\udc22\ud835\udc1e\ud835\udc27\ud835\udc1d\ud835\udc28 \ud835\udc1e\ud835\udc25 \ud835\udc1c\ud835\udc28\u0301\ud835\udc1d\ud835\udc22\ud835\udc20\ud835\udc28 \ud835\udc10\ud835\udc11, \ud835\udc2d\ud835\udc1a\ud835\udc25 \ud835\udc1c\ud835\udc28\ud835\udc26\ud835\udc28 \ud835\udc1e\ud835\udc2c\ud835\udc2d\ud835\udc1a\ud835\udc1b\ud835\udc25\ud835\udc1e\ud835\udc1c\ud835\udc1e \ud835\udc1e\ud835\udc25 \ud835\udc29\ud835\udc1a\ud835\udc2b\ud835\udc1a\u0301\ud835\udc20\ud835\udc2b\ud835\udc1a\ud835\udc1f\ud835\udc28 \ud835\udc08\ud835\udc08\ud835\udc08, \ud835\udc1d\ud835\udc1e\ud835\udc25 \ud835\udc1a\ud835\udc2b\ud835\udc2d\ud835\udc22\ud835\udc1c\ud835\udc2e\ud835\udc25\ud835\udc28 \ud835\udfd0\u00b0 \ud835\udc1e\ud835\udc27 \ud835\udc1e\ud835\udc25 \ud835\udc03\ud835\udc1e\ud835\udc1c\ud835\udc2b\ud835\udc1e\ud835\udc2d\ud835\udc28 \ud835\udc12\ud835\udc2e\ud835\udc29\ud835\udc2b\ud835\udc1e\ud835\udc26\ud835\udc28 \ud835\udfd2\ud835\udfd7\ud835\udfd0\ud835\udfd2 \ud835\udc29\ud835\udc2b\ud835\udc28\ud835\udc26\ud835\udc2e\ud835\udc25\ud835\udc20\ud835\udc1a\ud835\udc1d\ud835\udc28 \ud835\udc29\ud835\udc28\ud835\udc2b el p\ud835\udc2b\ud835\udc1e\ud835\udc2c\ud835\udc22\ud835\udc1d\ud835\udc1e\ud835\udc27\ud835\udc2d\ud835\udc1e \ud835\udc00\ud835\udc2b\ud835\udc1c\ud835\udc1e \ud835\udc1e\ud835\udc25 \ud835\udfd0\ud835\udfd4 \ud835\udc1d\ud835\udc1e \ud835\udc1a\ud835\udc1b\ud835\udc2b\ud835\udc22\ud835\udc25 \ud835\udc1d\ud835\udc1e \ud835\udc25\ud835\udc1a \ud835\udc29\ud835\udc2b\ud835\udc1e\ud835\udc2c\ud835\udc1e\ud835\udc27\ud835\udc2d\ud835\udc1e \ud835\udc20\ud835\udc1e\ud835\udc2c\ud835\udc2d\ud835\udc22\ud835\udc28\u0301\ud835\udc27.<\/p>\n<p style=\"text-align: justify;\">CARACTER\u00cdSTICAS<\/p>\n<p style=\"text-align: justify;\">ANVERSO<br \/>\n1. Fondo guilloch\u00e9 con efecto degradado tricolor rojo, amarillo y verde.<\/p>\n<p style=\"text-align: justify;\">2. Nueve microtextos preimpresos con extractos de himnos de los nueve departamentos de Bolivia.<\/p>\n<p style=\"text-align: justify;\">3. Microtexto preimpreso con relaci\u00f3n a la reivindicaci\u00f3n mar\u00edtima.<\/p>\n<p style=\"text-align: justify;\">4. Iconograf\u00eda textil representativa de la expresi\u00f3n cultural del Estado Plurinacional.<\/p>\n<p style=\"text-align: justify;\">5. La wiphala, bandera de Bolivia, leyendas \u201cEstado Plurinacional de Bolivia\u201d y \u201cServicio General de Identificaci\u00f3n Personal\u201d preimpresos en la parte superior izquierda.<\/p>\n<p style=\"text-align: justify;\">6. Imagen cultural territorial preimpresa en la parte superior central.<\/p>\n<p style=\"text-align: justify;\">7. Leyenda \u201cC\u00e9dula de Identidad\u201d preimpresa en la parte superior derecha.<\/p>\n<p style=\"text-align: justify;\">8. Fotograf\u00eda del titular en la parte izquierda.<\/p>\n<p style=\"text-align: justify;\">9. Informaci\u00f3n de serie, secci\u00f3n, nombres, apellidos, fecha de nacimiento, fecha de emisi\u00f3n, y fecha de expiraci\u00f3n en la parte central.<\/p>\n<p style=\"text-align: justify;\">10. Escudo de armas preimpreso y firma del titular en la parte inferior central.<\/p>\n<p style=\"text-align: justify;\">11. Mapa de Bolivia troquelado en el formato f\u00edsico en la parte inferior derecha.<\/p>\n<p style=\"text-align: justify;\">REVERSO<br \/>\n1. Fondo guilloch\u00e9 con efecto degradado tricolor rojo, amarillo y verde.<\/p>\n<p style=\"text-align: justify;\">2. Microtexto preimpreso \u201cLa uni\u00f3n es la fuerza\u201d en tres idiomas originarios.<\/p>\n<p style=\"text-align: justify;\">3. C\u00f3digo \u00fanico de seguridad en la parte superior izquierda.<\/p>\n<p style=\"text-align: justify;\">4. Imagen cultural territorial preimpresa en la parte superior central.<\/p>\n<p style=\"text-align: justify;\">5. Huella dactilar en la parte superior derecha.<\/p>\n<p style=\"text-align: justify;\">6. Flor del patuj\u00fa en la parte izquierda.<\/p>\n<p style=\"text-align: justify;\">7. Informaci\u00f3n del lugar de nacimiento: domicilio, profesi\u00f3n u ocupaci\u00f3n, estado civil, grupo sangu\u00edneo, y acr\u00f3nimo de naci\u00f3n o pueblo ind\u00edgena originario campesino\u2013NPIOC en la parte central.<\/p>\n<p style=\"text-align: justify;\">8. Im\u00e1genes del c\u00f3ndor de los andes, Cerro Rico de Potos\u00ed y firma de la o el director general ejecutivo del SEGIP preimpresas en la parte central.<\/p>\n<p style=\"text-align: justify;\">9. Informaci\u00f3n del padre y\/o madre o tutor, cuando el titular sea ni\u00f1a, ni\u00f1o o adolescente, en la parte central.<\/p>\n<p style=\"text-align: justify;\">10. Flor de la kantuta en la parte derecha.<\/p>\n<p style=\"text-align: justify;\">11. C\u00f3digo de lectura mec\u00e1nica en la parte inferior central.<\/p>\n","protected":false},"excerpt":{"rendered":"<p>En un emotivo y colorido acto, el Gobierno puso oficialmente en vigencia, este mi\u00e9rcoles, el nuevo carnet de identidad. El presidente Luis Arce destac\u00f3 que es un d\u00eda hist\u00f3rico porque se presenta la \u201cC\u00e9dula del Bicentenario\u201d. \u201cNosotros estamos muy contentos de presentar a Bolivia y el mundo nuestro carnet de identidad, un documento que va [&hellip;]<\/p>\n","protected":false},"author":4,"featured_media":60554,"comment_status":"open","ping_status":"closed","sticky":false,"template":"","format":"standard","meta":{"footnotes":""},"categories":[20],"tags":[],"class_list":{"0":"post-60553","1":"post","2":"type-post","3":"status-publish","4":"format-standard","5":"has-post-thumbnail","7":"category-actualidad"},"_links":{"self":[{"href":"https:\/\/jms.com.bo\/mediamonitor\/wp-json\/wp\/v2\/posts\/60553","targetHints":{"allow":["GET"]}}],"collection":[{"href":"https:\/\/jms.com.bo\/mediamonitor\/wp-json\/wp\/v2\/posts"}],"about":[{"href":"https:\/\/jms.com.bo\/mediamonitor\/wp-json\/wp\/v2\/types\/post"}],"author":[{"embeddable":true,"href":"https:\/\/jms.com.bo\/mediamonitor\/wp-json\/wp\/v2\/users\/4"}],"replies":[{"embeddable":true,"href":"https:\/\/jms.com.bo\/mediamonitor\/wp-json\/wp\/v2\/comments?post=60553"}],"version-history":[{"count":0,"href":"https:\/\/jms.com.bo\/mediamonitor\/wp-json\/wp\/v2\/posts\/60553\/revisions"}],"wp:featuredmedia":[{"embeddable":true,"href":"https:\/\/jms.com.bo\/mediamonitor\/wp-json\/wp\/v2\/media\/60554"}],"wp:attachment":[{"href":"https:\/\/jms.com.bo\/mediamonitor\/wp-json\/wp\/v2\/media?parent=60553"}],"wp:term":[{"taxonomy":"category","embeddable":true,"href":"https:\/\/jms.com.bo\/mediamonitor\/wp-json\/wp\/v2\/categories?post=60553"},{"taxonomy":"post_tag","embeddable":true,"href":"https:\/\/jms.com.bo\/mediamonitor\/wp-json\/wp\/v2\/tags?post=60553"}],"curies":[{"name":"wp","href":"https:\/\/api.w.org\/{rel}","templated":true}]}}