{"id":60574,"date":"2023-11-02T08:12:41","date_gmt":"2023-11-02T12:12:41","guid":{"rendered":"https:\/\/jms.com.bo\/mediamonitor\/2023\/11\/02\/las-renovables-generaran-casi-la-mitad-de-la-electricidad-mundial-ya-en-2030\/"},"modified":"2023-11-02T08:12:41","modified_gmt":"2023-11-02T12:12:41","slug":"las-renovables-generaran-casi-la-mitad-de-la-electricidad-mundial-ya-en-2030","status":"publish","type":"post","link":"https:\/\/jms.com.bo\/mediamonitor\/2023\/11\/02\/las-renovables-generaran-casi-la-mitad-de-la-electricidad-mundial-ya-en-2030\/","title":{"rendered":"Las renovables generar\u00e1n casi la mitad de la electricidad mundial ya en 2030"},"content":{"rendered":"<p style=\"text-align: justify;\">El World Energy Outlook 2023, de la Agencia Internacional de la Energ\u00eda (AIE), dibuja los grandes cambios que experimentar\u00e1 el mundo en 2030. Las energ\u00edas renovables estar\u00e1n muy cerca de representar el 50% de la generaci\u00f3n el\u00e9ctrica mundial, habr\u00e1 casi 10 veces m\u00e1s de coches el\u00e9ctricos por las carreteras y la fotovoltaica producir\u00e1 m\u00e1s que toda la red el\u00e9ctrica actual de Estados Unidos.<\/p>\n<p style=\"text-align: justify;\">Sin embargo, no se cumplir\u00e1 el objetivo clim\u00e1tico de una subida de temperatura como m\u00e1ximo de 1,5\u00ba C si no se aprueban pol\u00edticas mucho m\u00e1s estrictas. Las previsiones para un futuro ya no muy lejano, dentro de poco m\u00e1s de seis a\u00f1os, de la AIE son sorprendentes. Algunas de las presiones inmediatas de la crisis energ\u00e9tica global habr\u00e1n disminuido, pero los mercados energ\u00e9ticos, la geopol\u00edtica y la econom\u00eda global continuar\u00e1n inestables y el riesgo de mayores perturbaciones estar\u00e1 siempre presente.<\/p>\n<p style=\"text-align: justify;\">El informe se\u00f1ala que, ciertamente, los precios de los combustibles f\u00f3siles bajar\u00e1n desde sus m\u00e1ximos de 2022, aunque los mercados seguir\u00e1n tensos y vol\u00e1tiles. A los incesantes combates en Ucrania a d\u00eda de hoy, casi dos a\u00f1os despu\u00e9s de la invasi\u00f3n rusa, les acompa\u00f1a el riesgo de un conflicto prolongado en Oriente Pr\u00f3ximo.<\/p>\n<p style=\"text-align: justify;\">El an\u00e1lisis no presenta una visi\u00f3n \u00fanica del futuro, sino que explora varios escenarios que reflejan las condiciones actuales del mundo real y los puntos de partida. Para la AIE, las pol\u00edticas clim\u00e1ticas est\u00e1n dando resultado y se aceleran en mercados clave de todo el mundo. Predice que la participaci\u00f3n de los combustibles f\u00f3siles en el suministro de energ\u00eda -estancada durante d\u00e9cadas en alrededor del 80%- disminuir\u00e1 al 73% para 2030, y las emisiones globales de di\u00f3xido de carbono (CO2) relacionadas con la energ\u00eda alcanzar\u00e1n su punto m\u00e1ximo en 2025. La transici\u00f3n a la energ\u00eda limpia es imparable.<\/p>\n<p style=\"text-align: justify;\">Canarias ha superado su primer gigavatio de potencia renovable, despu\u00e9s de que, a fecha de 16 de mayo de 2023, se instalaran 960,6 megavatios de esa procedencia. A esta cifra hay que a\u00f1adirle 33,40 MW de e\u00f3licas y 6,9 MW de fotovoltaicas ya construidas. Durante la pasada legislatura auton\u00f3mica (desde agosto de 2019 hasta mediados de mayo de 2023), se increment\u00f3 en 345,9 MW la potencia renovable instalada en el Archipi\u00e9lago, un 29,9% m\u00e1s que durante la etapa anterior. Las 11.218 instalaciones de autoconsumo fotovoltaico multiplican por 31 las 360 que hab\u00eda el 31 de julio de 2019.<\/p>\n","protected":false},"excerpt":{"rendered":"<p>El World Energy Outlook 2023, de la Agencia Internacional de la Energ\u00eda (AIE), dibuja los grandes cambios que experimentar\u00e1 el mundo en 2030. Las energ\u00edas renovables estar\u00e1n muy cerca de representar el 50% de la generaci\u00f3n el\u00e9ctrica mundial, habr\u00e1 casi 10 veces m\u00e1s de coches el\u00e9ctricos por las carreteras y la fotovoltaica producir\u00e1 m\u00e1s que [&hellip;]<\/p>\n","protected":false},"author":4,"featured_media":60575,"comment_status":"open","ping_status":"closed","sticky":false,"template":"","format":"standard","meta":{"footnotes":""},"categories":[39,44,48],"tags":[],"class_list":{"0":"post-60574","1":"post","2":"type-post","3":"status-publish","4":"format-standard","5":"has-post-thumbnail","7":"category-energia","8":"category-portada-energia","9":"category-portada-general-sitio"},"_links":{"self":[{"href":"https:\/\/jms.com.bo\/mediamonitor\/wp-json\/wp\/v2\/posts\/60574","targetHints":{"allow":["GET"]}}],"collection":[{"href":"https:\/\/jms.com.bo\/mediamonitor\/wp-json\/wp\/v2\/posts"}],"about":[{"href":"https:\/\/jms.com.bo\/mediamonitor\/wp-json\/wp\/v2\/types\/post"}],"author":[{"embeddable":true,"href":"https:\/\/jms.com.bo\/mediamonitor\/wp-json\/wp\/v2\/users\/4"}],"replies":[{"embeddable":true,"href":"https:\/\/jms.com.bo\/mediamonitor\/wp-json\/wp\/v2\/comments?post=60574"}],"version-history":[{"count":0,"href":"https:\/\/jms.com.bo\/mediamonitor\/wp-json\/wp\/v2\/posts\/60574\/revisions"}],"wp:featuredmedia":[{"embeddable":true,"href":"https:\/\/jms.com.bo\/mediamonitor\/wp-json\/wp\/v2\/media\/60575"}],"wp:attachment":[{"href":"https:\/\/jms.com.bo\/mediamonitor\/wp-json\/wp\/v2\/media?parent=60574"}],"wp:term":[{"taxonomy":"category","embeddable":true,"href":"https:\/\/jms.com.bo\/mediamonitor\/wp-json\/wp\/v2\/categories?post=60574"},{"taxonomy":"post_tag","embeddable":true,"href":"https:\/\/jms.com.bo\/mediamonitor\/wp-json\/wp\/v2\/tags?post=60574"}],"curies":[{"name":"wp","href":"https:\/\/api.w.org\/{rel}","templated":true}]}}