{"id":60582,"date":"2023-11-03T06:28:55","date_gmt":"2023-11-03T10:28:55","guid":{"rendered":"https:\/\/jms.com.bo\/mediamonitor\/2023\/11\/03\/viceministra-es-importante-reconocer-los-signos-de-alarma-de-la-meningitis-fiebre-tos-y-rigidez-en-la-nuca\/"},"modified":"2023-11-03T06:28:55","modified_gmt":"2023-11-03T10:28:55","slug":"viceministra-es-importante-reconocer-los-signos-de-alarma-de-la-meningitis-fiebre-tos-y-rigidez-en-la-nuca","status":"publish","type":"post","link":"https:\/\/jms.com.bo\/mediamonitor\/2023\/11\/03\/viceministra-es-importante-reconocer-los-signos-de-alarma-de-la-meningitis-fiebre-tos-y-rigidez-en-la-nuca\/","title":{"rendered":"Viceministra: \u201cEs importante reconocer los signos de alarma de la meningitis: fiebre, tos y rigidez en la nuca\u201d"},"content":{"rendered":"<p style=\"text-align: justify;\">\u200bLa viceministra de Seguros de Salud y Gesti\u00f3n del Sistema \u00danico de Salud, Alejandra Hidalgo, llam\u00f3 a la poblaci\u00f3n a que acuda a los centros de salud a hacer inmunizar a sus ni\u00f1os con la vacuna antineumoc\u00f3cica con la finalidad de protegerlos contra la infecci\u00f3n de meningitis, esto luego de un brote registrado en la ciudad de La Paz. Los afectados son dos hermanitos de 6 y 8 a\u00f1os, lo que oblig\u00f3 a la suspensi\u00f3n temporal de las clases en una unidad educativa para aplicar las medidas de contenci\u00f3n y control.<\/p>\n<p style=\"text-align: justify;\">\u200bLa autoridad sanitaria se\u00f1ala que hay signos de alarma que advierten que un ni\u00f1o puede estar con la infecci\u00f3n y que el cuadro se est\u00e1 complicando. Pide a los pap\u00e1s estar atentos a los s\u00edntomas.\u200b\u200b<\/p>\n<p style=\"text-align: justify;\">&#8211; \u00bfCu\u00e1l es la evoluci\u00f3n de los ni\u00f1os afectados por meningitis y qu\u00e9 medida de contenci\u00f3n se han aplicado para frenar el brote?<\/p>\n<p style=\"text-align: justify;\">\u200bAl momento los dos ni\u00f1os tienen buena evoluci\u00f3n y el brote est\u00e1 controlado. Los ni\u00f1os estuvieron en terapia intensiva y ahora pasaron a terapia intermedia, y tienen una respuesta favorable al antibi\u00f3tico que se les est\u00e1 aplicando.<br \/>\nCon relaci\u00f3n a la unidad educativa, se ha procedido con la desinfecci\u00f3n con amonio cuaternario de todos los ambientes, y la tarde del lunes, martes y mi\u00e9rcoles el Sedes de La Paz ha desplazado brigadas para que puedan atender a los alumnos de los dos cursos. Entendemos que hasta el momento no hay ning\u00fan caso sospechoso adicional a los dos primeros.<br \/>\nLos ni\u00f1os que no puedan asistir a las brigadas m\u00f3viles pueden hacerlo en su ente gestor o en el Sistema \u00danico de Salud (SUS).<\/p>\n<p style=\"text-align: justify;\">&#8211; Se sabe cu\u00e1l ha sido el mecanismo de contagio&#8230;<br \/>\nEn realidad los afectados son dos hermanitos, que tuvieron cuadros de resfr\u00edos muy fuertes y evolucionaron hacia neumon\u00eda.<\/p>\n<p style=\"text-align: justify;\">&#8211; \u00bfQu\u00e9 medidas se deben adoptar para prevenir este tipo de cuadros?<br \/>\nHay que aclarar que en este caso la enfermedad no ha sido causada por la bacteria neisseria, que es la que provoca un tipo de meningitis bastante contagiosa, sino por la bacteria estreptococos. Cuando los ni\u00f1os se contagian con este tipo de bacterias, les da fiebre, tienen tos, rinorrea y, si no se los atiende r\u00e1pidamente, estos cuadros pueden empeorar hasta derivar en neumon\u00eda. Cuando los ni\u00f1os est\u00e1n con sus defensas bajas, la neumon\u00eda puede complicarse y causar meningitis.<\/p>\n<p style=\"text-align: justify;\">\n&#8211; \u00bfEs posible prevenir la infecci\u00f3n con la vacuna?<br \/>\nEfectivamente. La vacuna contra la meningitis est\u00e1 disponible en los m\u00e1s de 3.000 centros y establecimientos de salud del pa\u00eds, donde tienen que acudir los pap\u00e1s llevando a los menores de cinco a\u00f1os que no han cumpliendo con el esquema de vacunaci\u00f3n. En la inmunizaci\u00f3n regular esta vacuna se aplica a los dos, cuatro y seis meses de edad.<\/p>\n<p style=\"text-align: justify;\">\nEntonces, si alguna mam\u00e1 o pap\u00e1 tuviera a un ni\u00f1o que por alg\u00fan motivo no recibi\u00f3 todas las dosis, puede apersonarse hasta el centro de salud m\u00e1s cercano para completar el esquema y registrar esto en el carnet de vacuna.<br \/>\nAhora, algunos casos se van presentado y lo m\u00e1s importante es que las familias reconozcan los signos de alarma: cuando un ni\u00f1o tiene fiebre, tos, malestar general, v\u00f3mito, rigidez de nuca hay que sospechar de meningitis y que el ni\u00f1o se est\u00e1 complicando.<\/p>\n<p style=\"text-align: justify;\">\n<p style=\"text-align: justify;\">Es importante que los padres reconozcan estos s\u00edntomas y lleven al paciente de forma inmediata al centro de salud m\u00e1s pr\u00f3ximo. El SUS cubre el diagn\u00f3stico y tratamiento, eso es importante que la poblaci\u00f3n sepa que la asistencia es gratuita.<\/p>\n<p style=\"text-align: justify;\">&#8211; \u00bfLos dos ni\u00f1os afectados tienen la vacuna?<br \/>\nSe ha hecho la verificaci\u00f3n y s\u00ed ten\u00edan las dosis. Lo que s\u00ed tambi\u00e9n es importante verificar es el desarrollo de los ni\u00f1os porque si tienen talla y peso bajos pueden complicarse si contraen esta bacteria.<\/p>\n<p style=\"text-align: justify;\">\nAdem\u00e1s, es necesario que las vacunas tengan un control riguroso en la cadena de fr\u00edo y n\u00famero de lote; esos aspectos en el sistema p\u00fablico son vigilados y supervisados a trav\u00e9s del Programa Ampliado de Salud (PAI), pero muchas veces los pap\u00e1s optan por el privado.<\/p>\n<p style=\"text-align: justify;\">&#8211; \u00bfSon los \u00fanicos dos casos registrados en el pa\u00eds o se han presentado otros brotes?<br \/>\nEn unidades educativas son los dos \u00fanicos casos que tenemos hasta el momento. No hay otros casos sospechosos, pero vamos a ir verificando cu\u00e1l ha sido evoluci\u00f3n de las brigadas m\u00f3viles.<\/p>\n<p style=\"text-align: justify;\">\nSe ha presentado un caso en un adulto en Cochabamba, donde r\u00e1pidamente se ha hecho el diagn\u00f3stico y tratamiento, y entendemos que el cuadro ya est\u00e1 en proceso de resoluci\u00f3n. En lo que va del a\u00f1o, los acumulados no llegan ni a seis casos en el pa\u00eds.<\/p>\n","protected":false},"excerpt":{"rendered":"<p>\u200bLa viceministra de Seguros de Salud y Gesti\u00f3n del Sistema \u00danico de Salud, Alejandra Hidalgo, llam\u00f3 a la poblaci\u00f3n a que acuda a los centros de salud a hacer inmunizar a sus ni\u00f1os con la vacuna antineumoc\u00f3cica con la finalidad de protegerlos contra la infecci\u00f3n de meningitis, esto luego de un brote registrado en la [&hellip;]<\/p>\n","protected":false},"author":4,"featured_media":60583,"comment_status":"open","ping_status":"closed","sticky":false,"template":"","format":"standard","meta":{"footnotes":""},"categories":[53],"tags":[],"class_list":{"0":"post-60582","1":"post","2":"type-post","3":"status-publish","4":"format-standard","5":"has-post-thumbnail","7":"category-salud"},"_links":{"self":[{"href":"https:\/\/jms.com.bo\/mediamonitor\/wp-json\/wp\/v2\/posts\/60582","targetHints":{"allow":["GET"]}}],"collection":[{"href":"https:\/\/jms.com.bo\/mediamonitor\/wp-json\/wp\/v2\/posts"}],"about":[{"href":"https:\/\/jms.com.bo\/mediamonitor\/wp-json\/wp\/v2\/types\/post"}],"author":[{"embeddable":true,"href":"https:\/\/jms.com.bo\/mediamonitor\/wp-json\/wp\/v2\/users\/4"}],"replies":[{"embeddable":true,"href":"https:\/\/jms.com.bo\/mediamonitor\/wp-json\/wp\/v2\/comments?post=60582"}],"version-history":[{"count":0,"href":"https:\/\/jms.com.bo\/mediamonitor\/wp-json\/wp\/v2\/posts\/60582\/revisions"}],"wp:featuredmedia":[{"embeddable":true,"href":"https:\/\/jms.com.bo\/mediamonitor\/wp-json\/wp\/v2\/media\/60583"}],"wp:attachment":[{"href":"https:\/\/jms.com.bo\/mediamonitor\/wp-json\/wp\/v2\/media?parent=60582"}],"wp:term":[{"taxonomy":"category","embeddable":true,"href":"https:\/\/jms.com.bo\/mediamonitor\/wp-json\/wp\/v2\/categories?post=60582"},{"taxonomy":"post_tag","embeddable":true,"href":"https:\/\/jms.com.bo\/mediamonitor\/wp-json\/wp\/v2\/tags?post=60582"}],"curies":[{"name":"wp","href":"https:\/\/api.w.org\/{rel}","templated":true}]}}