{"id":60584,"date":"2023-11-03T06:30:31","date_gmt":"2023-11-03T10:30:31","guid":{"rendered":"https:\/\/jms.com.bo\/mediamonitor\/2023\/11\/03\/el-contrabando-y-el-cambio-climatico-azotan-a-vitivinicolas-de-tarija\/"},"modified":"2023-11-03T06:30:31","modified_gmt":"2023-11-03T10:30:31","slug":"el-contrabando-y-el-cambio-climatico-azotan-a-vitivinicolas-de-tarija","status":"publish","type":"post","link":"https:\/\/jms.com.bo\/mediamonitor\/2023\/11\/03\/el-contrabando-y-el-cambio-climatico-azotan-a-vitivinicolas-de-tarija\/","title":{"rendered":"El contrabando y el cambio clim\u00e1tico azotan a vitivin\u00edcolas de Tarija"},"content":{"rendered":"<p style=\"text-align: justify;\">Tras cumplirse el d\u00e9cimo mes de la gesti\u00f3n 2023, la Asociaci\u00f3n Nacional de Industriales Vitivin\u00edcolas (ANIV), reportan que este sector atraviesa una situaci\u00f3n bastante compleja, primero porque el contrabando contin\u00faa, y segundo, por los efectos del cambio clim\u00e1tico que se han acentuado m\u00e1s en el valle central de Tarija.<\/p>\n<p style=\"text-align: justify;\">El gerente general de ANIV, Fernando Galarza, cuestion\u00f3 el rol que juega el Gobierno y dem\u00e1s instituciones p\u00fablicas en cuanto a la lucha contra el contrabando. Se\u00f1al\u00f3 que la muestra de esta fallida tarea es la presencia de productos argentinos en los principales centros de abasto de Tarija.<\/p>\n<p style=\"text-align: justify;\">\u201cYo creo que no existe una lucha contra el contrabando, no hay, es solamente un discurso que nos cuenta el viceministro de Lucha contra el Contrabando, la Aduana Nacional, muestran algunos comisos, cuando en la pr\u00e1ctica, basta con mirar los mercados o las tiendas y evidenciar que estamos inundados de contrabando\u201d, afirm\u00f3.<\/p>\n<p style=\"text-align: justify;\">Galarza dijo que puede haber algunas acciones que se est\u00e9n ejecutando para \u201cjustificar\u201d su trabajo en la lucha contra el contrabando, pero que no hay una lucha efectiva, ni una pol\u00edtica clara dirigida a frenar este flagelo.<\/p>\n<p style=\"text-align: justify;\">El titular de ANIV advirti\u00f3 que en la presente gesti\u00f3n ha disminuido la producci\u00f3n vitivin\u00edcola, esto debido a la baja oferta de materia prima como lo es la uva. Record\u00f3 que a finales del 2022, se ha tenido fen\u00f3menos naturales adversos como heladas tard\u00edas, sequ\u00eda y granizadas lo que ha influido en que la oferta de uva pueda si quiera igualar lo del 2021.<\/p>\n<p style=\"text-align: justify;\">Asimismo, Galarza record\u00f3 que con la llegada de la pandemia, las bodegas han quedado con mucho producto estocado, el cual a\u00fan se ven limitados a poder mover los distintos lotes, esto debido a la competencia desleal con el contrabando, y la falta de condiciones para poder exportar vinos y singanis tarije\u00f1os al exterior.<\/p>\n<p style=\"text-align: justify;\">Galarza explic\u00f3 que para el sector vitivin\u00edcola tarije\u00f1o se le complica la exportaci\u00f3n de sus productos, debido a que el costo de transporte en los pa\u00edses vecinos les resulta m\u00e1s baratos y los mercados externos son m\u00e1s abiertos para ellos.<\/p>\n<p style=\"text-align: justify;\">\u201cPese a que nuestra calidad de vinos y singanis est\u00e1n a la altura de cualquiera de otros productos que se producen en el mundo, tenemos limitaciones en exportaci\u00f3n. Bolivia no tiene acuerdos comerciales, queremos mandar a Estados Unidos pero no tenemos un acuerdo que nos permita llegar en condiciones convenientes, no tenemos un acuerdo comercial con la Uni\u00f3n Europea, no tenemos acuerdo con Asia, si revisamos la situaci\u00f3n de Chile y el Mercosur todos tienen acuerdos, tratados de libre comercio, acuerdos de complementaci\u00f3n econ\u00f3mica, y una serie de herramientas que les facilita este proceso\u201d, afirm\u00f3.<\/p>\n","protected":false},"excerpt":{"rendered":"<p>Tras cumplirse el d\u00e9cimo mes de la gesti\u00f3n 2023, la Asociaci\u00f3n Nacional de Industriales Vitivin\u00edcolas (ANIV), reportan que este sector atraviesa una situaci\u00f3n bastante compleja, primero porque el contrabando contin\u00faa, y segundo, por los efectos del cambio clim\u00e1tico que se han acentuado m\u00e1s en el valle central de Tarija. El gerente general de ANIV, Fernando [&hellip;]<\/p>\n","protected":false},"author":4,"featured_media":60585,"comment_status":"open","ping_status":"closed","sticky":false,"template":"","format":"standard","meta":{"footnotes":""},"categories":[52],"tags":[],"class_list":{"0":"post-60584","1":"post","2":"type-post","3":"status-publish","4":"format-standard","5":"has-post-thumbnail","7":"category-alimentos-agroindustria"},"_links":{"self":[{"href":"https:\/\/jms.com.bo\/mediamonitor\/wp-json\/wp\/v2\/posts\/60584","targetHints":{"allow":["GET"]}}],"collection":[{"href":"https:\/\/jms.com.bo\/mediamonitor\/wp-json\/wp\/v2\/posts"}],"about":[{"href":"https:\/\/jms.com.bo\/mediamonitor\/wp-json\/wp\/v2\/types\/post"}],"author":[{"embeddable":true,"href":"https:\/\/jms.com.bo\/mediamonitor\/wp-json\/wp\/v2\/users\/4"}],"replies":[{"embeddable":true,"href":"https:\/\/jms.com.bo\/mediamonitor\/wp-json\/wp\/v2\/comments?post=60584"}],"version-history":[{"count":0,"href":"https:\/\/jms.com.bo\/mediamonitor\/wp-json\/wp\/v2\/posts\/60584\/revisions"}],"wp:featuredmedia":[{"embeddable":true,"href":"https:\/\/jms.com.bo\/mediamonitor\/wp-json\/wp\/v2\/media\/60585"}],"wp:attachment":[{"href":"https:\/\/jms.com.bo\/mediamonitor\/wp-json\/wp\/v2\/media?parent=60584"}],"wp:term":[{"taxonomy":"category","embeddable":true,"href":"https:\/\/jms.com.bo\/mediamonitor\/wp-json\/wp\/v2\/categories?post=60584"},{"taxonomy":"post_tag","embeddable":true,"href":"https:\/\/jms.com.bo\/mediamonitor\/wp-json\/wp\/v2\/tags?post=60584"}],"curies":[{"name":"wp","href":"https:\/\/api.w.org\/{rel}","templated":true}]}}