{"id":60588,"date":"2023-11-03T06:33:30","date_gmt":"2023-11-03T10:33:30","guid":{"rendered":"https:\/\/jms.com.bo\/mediamonitor\/2023\/11\/03\/bolivia-queda-sola-tras-la-ruptura-de-relaciones-diplomaticas-con-israel\/"},"modified":"2023-11-03T06:33:30","modified_gmt":"2023-11-03T10:33:30","slug":"bolivia-queda-sola-tras-la-ruptura-de-relaciones-diplomaticas-con-israel","status":"publish","type":"post","link":"https:\/\/jms.com.bo\/mediamonitor\/2023\/11\/03\/bolivia-queda-sola-tras-la-ruptura-de-relaciones-diplomaticas-con-israel\/","title":{"rendered":"Bolivia queda sola tras la ruptura de relaciones diplom\u00e1ticas con Israel"},"content":{"rendered":"<p style=\"text-align: justify;\">La ruptura de relaciones diplom\u00e1ticas de Bolivia con Israel fue vista por opositores como \u201cun globo de ensayo\u201d pensando que otros pa\u00edses iban a seguir el mismo camino. Naciones como M\u00e9xico y Argentina emitieron comunicados condenando las acciones violentas en la Franja de Gaza, pero a\u00fan conservan la relaci\u00f3n diplom\u00e1tica.<\/p>\n<p style=\"text-align: justify;\">La Canciller\u00eda emiti\u00f3 un comunicado en el que asegura que \u201cno callar\u00e1 su voz ante los cr\u00edmenes de guerra y de lesa humanidad, que se cometen en Gaza bajo la falsa justificaci\u00f3n de leg\u00edtima defensa por parte del gobierno de Israel\u201d.<\/p>\n<p style=\"text-align: justify;\">Tambi\u00e9n llam\u00f3 a la comunidad internacional a actuar y dejar de ser espectadora ante el sufrimiento del pueblo palestino.<\/p>\n<p style=\"text-align: justify;\">El diplom\u00e1tico de carrera y diputado de Comunidad Ciudadana (CC), Gustavo Aliaga, manifest\u00f3 que la ruptura de relaciones con Israel fue un globo de ensayo, impulsado por naciones como Rusia e Ir\u00e1n, que sirvi\u00f3 en Bolivia, pero que no fue seguido por ning\u00fan pa\u00eds de la regi\u00f3n. \u201cNo es el momento de romper relaciones en un conflicto tan complejo y dif\u00edcil. Por lo tanto, el globo de ensayo que se pens\u00f3 que iba a afectar y copiar, no fue llevado adelante\u201d, agreg\u00f3 el parlamentario.<\/p>\n<p style=\"text-align: justify;\">Record\u00f3 que Bolivia va a cumplir 200 a\u00f1os y hace m\u00e1s de 14 se tiene una pol\u00edtica exterior, impulsada por el MAS, marcando una relaci\u00f3n directa con Rusia, Corea del Norte, China y ahora con el \u201cgrupo terrorista\u201d Ham\u00e1s.<\/p>\n<p style=\"text-align: justify;\">Por su parte, su colega de bancada y abogada internacionalista, Luisa Nayar, se\u00f1al\u00f3 que la ruptura de relaciones con Israel, no representa el sentimiento de los bolivianos que buscan la paz y concordia para las naciones, adem\u00e1s de que la decisi\u00f3n pone a Bolivia en el frente de pa\u00edses que \u201cjustifican\u201d a Ham\u00e1s.<\/p>\n<p style=\"text-align: justify;\">\u201cLo que evidencia este rompimiento (de relaciones diplom\u00e1ticas) es que existe un sometimiento de parte del gobierno boliviano para los terroristas\u201d, se\u00f1al\u00f3 la parlamentaria.<\/p>\n<p style=\"text-align: justify;\">Los parlamentarios de Creemos manifestaron que Bolivia se ha convertido en el primer pa\u00eds latinoamericano en romper lazos diplom\u00e1ticos con Israel, \u201caline\u00e1ndose a Estados terroristas y simpatizantes de Ham\u00e1s\u201d, que ha expresado ya su gran estima por el gobierno boliviano, dice la nota.<\/p>\n<p style=\"text-align: justify;\">\u201cEsta decisi\u00f3n del gobierno de Bolivia no expresa el sentir de gran parte de los ciudadanos bolivianos y ha sido hecha a espaldas de nuestro pueblo que ve a la organizaci\u00f3n Ham\u00e1s con ojos de preocupaci\u00f3n y censura sus actos terroristas\u201d.<\/p>\n<p style=\"text-align: justify;\">Recientemente, la Canciller\u00eda argentina emiti\u00f3 un comunicado repudiando que \u201cla profundizaci\u00f3n de la violencia en la Franja de Gaza est\u00e1 causando un n\u00famero cada vez mayor de v\u00edctimas. La poblaci\u00f3n civil, en particular mujeres, ni\u00f1os y ancianos, es la que se ve m\u00e1s afectada por este conflicto\u201d, detallaron.<\/p>\n<p style=\"text-align: justify;\">Respuesta del Gobierno<\/p>\n<p style=\"text-align: justify;\">El embajador de Bolivia ante la OEA, H\u00e9ctor Arce, rechaz\u00f3 la manifestaci\u00f3n de Israel de que Bolivia tuviera \u201cun alineamiento\u201d con Ham\u00e1s y repudi\u00f3 las acciones terroristas de esta organizaci\u00f3n paramilitar, pero \u201cno a t\u00edtulo de responder a esta acci\u00f3n terrorista se puede cometer un genocidio\u201d, dijo Arce seg\u00fan el reporte de ABI.<\/p>\n<p style=\"text-align: justify;\">Agreg\u00f3 que Bolivia \u201cse puso del lado correcto de la historia, en defensa de vida y en contra del genocidio inaceptable que est\u00e1 cometiendo el Estado de Israel\u201d, afirm\u00f3. \u201cUn genocidio de esta naturaleza es totalmente inaceptable\u201d, dijo.<\/p>\n<p style=\"text-align: justify;\">El portavoz del Ministerio de Asuntos Exteriores de Israel hab\u00eda se\u00f1alado que \u201cla decisi\u00f3n del gobierno de Bolivia de cortar relaciones diplom\u00e1ticas con Israel es una rendici\u00f3n al terrorismo y al r\u00e9gimen del Ayatol\u00e1 en Ir\u00e1n\u201d.<\/p>\n<p style=\"text-align: justify;\">Ayuda humanitaria<\/p>\n<p style=\"text-align: justify;\">A trav\u00e9s del Decreto Supremo 5053, el gobierno de Luis Arce aprob\u00f3 el env\u00edo<\/p>\n<p style=\"text-align: justify;\">de 73 toneladas de ayuda humanitaria a Palestina, consistente en 32 toneladas de medicamentos, 18 toneladas de arroz y 15 toneladas de harina de trigo, entre otros.<\/p>\n","protected":false},"excerpt":{"rendered":"<p>La ruptura de relaciones diplom\u00e1ticas de Bolivia con Israel fue vista por opositores como \u201cun globo de ensayo\u201d pensando que otros pa\u00edses iban a seguir el mismo camino. Naciones como M\u00e9xico y Argentina emitieron comunicados condenando las acciones violentas en la Franja de Gaza, pero a\u00fan conservan la relaci\u00f3n diplom\u00e1tica. La Canciller\u00eda emiti\u00f3 un comunicado [&hellip;]<\/p>\n","protected":false},"author":4,"featured_media":60589,"comment_status":"open","ping_status":"closed","sticky":false,"template":"","format":"standard","meta":{"footnotes":""},"categories":[49],"tags":[],"class_list":{"0":"post-60588","1":"post","2":"type-post","3":"status-publish","4":"format-standard","5":"has-post-thumbnail","7":"category-social"},"_links":{"self":[{"href":"https:\/\/jms.com.bo\/mediamonitor\/wp-json\/wp\/v2\/posts\/60588","targetHints":{"allow":["GET"]}}],"collection":[{"href":"https:\/\/jms.com.bo\/mediamonitor\/wp-json\/wp\/v2\/posts"}],"about":[{"href":"https:\/\/jms.com.bo\/mediamonitor\/wp-json\/wp\/v2\/types\/post"}],"author":[{"embeddable":true,"href":"https:\/\/jms.com.bo\/mediamonitor\/wp-json\/wp\/v2\/users\/4"}],"replies":[{"embeddable":true,"href":"https:\/\/jms.com.bo\/mediamonitor\/wp-json\/wp\/v2\/comments?post=60588"}],"version-history":[{"count":0,"href":"https:\/\/jms.com.bo\/mediamonitor\/wp-json\/wp\/v2\/posts\/60588\/revisions"}],"wp:featuredmedia":[{"embeddable":true,"href":"https:\/\/jms.com.bo\/mediamonitor\/wp-json\/wp\/v2\/media\/60589"}],"wp:attachment":[{"href":"https:\/\/jms.com.bo\/mediamonitor\/wp-json\/wp\/v2\/media?parent=60588"}],"wp:term":[{"taxonomy":"category","embeddable":true,"href":"https:\/\/jms.com.bo\/mediamonitor\/wp-json\/wp\/v2\/categories?post=60588"},{"taxonomy":"post_tag","embeddable":true,"href":"https:\/\/jms.com.bo\/mediamonitor\/wp-json\/wp\/v2\/tags?post=60588"}],"curies":[{"name":"wp","href":"https:\/\/api.w.org\/{rel}","templated":true}]}}