{"id":60590,"date":"2023-11-03T06:35:11","date_gmt":"2023-11-03T10:35:11","guid":{"rendered":"https:\/\/jms.com.bo\/mediamonitor\/2023\/11\/03\/denuncian-que-comunarios-ayoreos-bloquean-la-carretera-bioceanica-y-obligan-a-pagar-a-conductores\/"},"modified":"2023-11-03T06:35:11","modified_gmt":"2023-11-03T10:35:11","slug":"denuncian-que-comunarios-ayoreos-bloquean-la-carretera-bioceanica-y-obligan-a-pagar-a-conductores","status":"publish","type":"post","link":"https:\/\/jms.com.bo\/mediamonitor\/2023\/11\/03\/denuncian-que-comunarios-ayoreos-bloquean-la-carretera-bioceanica-y-obligan-a-pagar-a-conductores\/","title":{"rendered":"Denuncian que comunarios ayoreos bloquean la carretera Bioce\u00e1nica y obligan a pagar a conductores"},"content":{"rendered":"<p style=\"text-align: justify;\">Conductores que circulaban por la carretera Bioce\u00e1nica este jueves, se vieron sorprendidos por un bloqueo instalado por comunarios ayoreos, quienes impiden el paso vehicular en el tramo entre San Jos\u00e9 de Chiquitos y Choch\u00eds, cerca de la comunidad Ipi\u00e1s.<\/p>\n<p style=\"text-align: justify;\">Los transportistas que recorren la ruta con frecuencia denuncian que este tipo de bloqueos cada vez es m\u00e1s frecuente, sobre todo cuando es feriado. Estas personas salen a la ruta y colocan ramas, pitas, piedras y portan palos, para impedir el paso vehicular.<\/p>\n<p style=\"text-align: justify;\">Los reclamos cada vez se hacen frecuentes por parte de gente afectada, pues aseguran que no existe una demanda justificada para instalar la medida, sino que el fin es recaudar dinero. Por cada movilidad que se topa con el bloqueo, los comunarios les exigen un pago de Bs 20 hasta Bs 100, tomando en cuenta el tama\u00f1o de movilidad, situaci\u00f3n que denuncian los transportistas.<\/p>\n<p style=\"text-align: justify;\">Exigen a la Polic\u00eda y a las autoridades competentes tomar cartas en el asunto y frenar esta irregularidad, ya que los perjudicados son los transportistas, productores y viajeros.<\/p>\n<p style=\"text-align: justify;\">D\u00edas atr\u00e1s, comunarios hab\u00edan anunciado que instalar\u00edan un bloqueo en la carretera Bioce\u00e1nica, exigiendo el mejoramiento de las v\u00edas de acceso a sus localidades.<\/p>\n<p style=\"text-align: justify;\">El cacique de la comunidad, Jos\u00e9 Chiqueno, asegur\u00f3 que est\u00e1n cansados de dar plazos a las autoridades y no tener respuestas, por lo que se ven &#8216;obligados&#8217; a salir a bloquear.<\/p>\n<p style=\"text-align: justify;\">Acusan a la Gobernaci\u00f3n de no dar o\u00eddo a su demanda, pese a que se comprometieron en mejorar sus caminos, trabajo que no se ejecuta desde la pasada gesti\u00f3n. Los comunarios se\u00f1alan que tiene documentos con las promesas.<\/p>\n<p style=\"text-align: justify;\">Son 26 kil\u00f3metros de camino que exigen mejorar. Esta ruta conecta desde Peso\u00e9 hasta Tie U\u00f1\u00e1, comunidades que forman parte del territorio Tobit\u00e9 en la jurisdicci\u00f3n del municipio de Robor\u00e9.<\/p>\n<p style=\"text-align: justify;\">En respuesta al anuncio del bloqueo, la Gobernaci\u00f3n de Santa Cruz asegur\u00f3 que la medida de presi\u00f3n no tiene sentido, ya que tienen programado para este viernes una reuni\u00f3n para discutir las demandas del sector. \u00abEllos tambi\u00e9n estar\u00e1n el viernes en la reuni\u00f3n. No tiene raz\u00f3n de ser ese bloqueo que est\u00e1n anunciando\u201d, dijo Alejandro Quezada.<\/p>\n","protected":false},"excerpt":{"rendered":"<p>Conductores que circulaban por la carretera Bioce\u00e1nica este jueves, se vieron sorprendidos por un bloqueo instalado por comunarios ayoreos, quienes impiden el paso vehicular en el tramo entre San Jos\u00e9 de Chiquitos y Choch\u00eds, cerca de la comunidad Ipi\u00e1s. Los transportistas que recorren la ruta con frecuencia denuncian que este tipo de bloqueos cada vez [&hellip;]<\/p>\n","protected":false},"author":4,"featured_media":60591,"comment_status":"open","ping_status":"closed","sticky":false,"template":"","format":"standard","meta":{"footnotes":""},"categories":[49],"tags":[],"class_list":{"0":"post-60590","1":"post","2":"type-post","3":"status-publish","4":"format-standard","5":"has-post-thumbnail","7":"category-social"},"_links":{"self":[{"href":"https:\/\/jms.com.bo\/mediamonitor\/wp-json\/wp\/v2\/posts\/60590","targetHints":{"allow":["GET"]}}],"collection":[{"href":"https:\/\/jms.com.bo\/mediamonitor\/wp-json\/wp\/v2\/posts"}],"about":[{"href":"https:\/\/jms.com.bo\/mediamonitor\/wp-json\/wp\/v2\/types\/post"}],"author":[{"embeddable":true,"href":"https:\/\/jms.com.bo\/mediamonitor\/wp-json\/wp\/v2\/users\/4"}],"replies":[{"embeddable":true,"href":"https:\/\/jms.com.bo\/mediamonitor\/wp-json\/wp\/v2\/comments?post=60590"}],"version-history":[{"count":0,"href":"https:\/\/jms.com.bo\/mediamonitor\/wp-json\/wp\/v2\/posts\/60590\/revisions"}],"wp:featuredmedia":[{"embeddable":true,"href":"https:\/\/jms.com.bo\/mediamonitor\/wp-json\/wp\/v2\/media\/60591"}],"wp:attachment":[{"href":"https:\/\/jms.com.bo\/mediamonitor\/wp-json\/wp\/v2\/media?parent=60590"}],"wp:term":[{"taxonomy":"category","embeddable":true,"href":"https:\/\/jms.com.bo\/mediamonitor\/wp-json\/wp\/v2\/categories?post=60590"},{"taxonomy":"post_tag","embeddable":true,"href":"https:\/\/jms.com.bo\/mediamonitor\/wp-json\/wp\/v2\/tags?post=60590"}],"curies":[{"name":"wp","href":"https:\/\/api.w.org\/{rel}","templated":true}]}}