{"id":60596,"date":"2023-11-03T06:39:25","date_gmt":"2023-11-03T10:39:25","guid":{"rendered":"https:\/\/jms.com.bo\/mediamonitor\/2023\/11\/03\/focos-de-calor-bajan-de-375-a-33-en-bolivia\/"},"modified":"2023-11-03T06:39:25","modified_gmt":"2023-11-03T10:39:25","slug":"focos-de-calor-bajan-de-375-a-33-en-bolivia","status":"publish","type":"post","link":"https:\/\/jms.com.bo\/mediamonitor\/2023\/11\/03\/focos-de-calor-bajan-de-375-a-33-en-bolivia\/","title":{"rendered":"Focos de calor bajan de 375 a 33 en Bolivia"},"content":{"rendered":"<p style=\"text-align: justify;\">Entre el martes y este mi\u00e9rcoles, el n\u00famero de focos de calor bajaron de 375 a 33, y fueron reportados dos incendios en el departamento de La Paz, inform\u00f3 el viceministro de Defensa Civil, Juan Carlos Calvimontes.<\/p>\n<p style=\"text-align: justify;\">De acuerdo con el reporte oficial, el martes se detectaron 375 focos de calor, de los cuales 322 estaban en Beni, 34 en Santa Cruz, 10 en La Paz, 7 en Cochabamba, 1 en Tarija y 1 en Pando.<\/p>\n<p style=\"text-align: justify;\">En cambio, para las 15h30 de este mi\u00e9rcoles, \u201cBolivia ha presentado 33 focos de calor, todos en el departamento de Santa Cruz\u201d, precis\u00f3.<\/p>\n<p style=\"text-align: justify;\">Sobre los incendios forestales, Calvimontes detall\u00f3 que \u201ctenemos el registro de s\u00f3lo dos que se han iniciado\u201d en esta jornada, uno en San Buenaventura y otro en el Parque Nacional Madidi. Un helic\u00f3ptero Z9 est\u00e1 en la zona para los operativos de sofocaci\u00f3n.<\/p>\n<p style=\"text-align: justify;\">\u201cNinguno de los dos incendios es de mayor magnitud, especialmente el de Madidi, hemos podido identificar con el vuelo que hemos hecho en el helic\u00f3ptero Eco Charli\u201d, precis\u00f3.<\/p>\n<p style=\"text-align: justify;\">Desde junio hasta la fecha, fueron sofocados 114 incendios forestales con la movilizaci\u00f3n de 4.191 bomberos de 49 unidades de las Fuerzas Armadas.<\/p>\n<p style=\"text-align: justify;\">Adem\u00e1s, fueron empleados ocho helic\u00f3pteros en 366 descargas de 441.450 litros de agua.<\/p>\n<p style=\"text-align: justify;\">Calvimontes inform\u00f3 que en Palos Blancos se encuentra un helic\u00f3ptero Z9 del Ej\u00e9rcito realizando patrullajes.<\/p>\n<p style=\"text-align: justify;\">En la zona se cuentan dos instructores y 20 soldados del Grupo de Artiller\u00eda y Defensa Antia\u00e9rea \u00ab97\u00bb.<\/p>\n","protected":false},"excerpt":{"rendered":"<p>Entre el martes y este mi\u00e9rcoles, el n\u00famero de focos de calor bajaron de 375 a 33, y fueron reportados dos incendios en el departamento de La Paz, inform\u00f3 el viceministro de Defensa Civil, Juan Carlos Calvimontes. De acuerdo con el reporte oficial, el martes se detectaron 375 focos de calor, de los cuales 322 [&hellip;]<\/p>\n","protected":false},"author":4,"featured_media":60597,"comment_status":"open","ping_status":"closed","sticky":false,"template":"","format":"standard","meta":{"footnotes":""},"categories":[20,48,43],"tags":[],"class_list":{"0":"post-60596","1":"post","2":"type-post","3":"status-publish","4":"format-standard","5":"has-post-thumbnail","7":"category-actualidad","8":"category-portada-general-sitio","9":"category-portada-oil-gas"},"_links":{"self":[{"href":"https:\/\/jms.com.bo\/mediamonitor\/wp-json\/wp\/v2\/posts\/60596","targetHints":{"allow":["GET"]}}],"collection":[{"href":"https:\/\/jms.com.bo\/mediamonitor\/wp-json\/wp\/v2\/posts"}],"about":[{"href":"https:\/\/jms.com.bo\/mediamonitor\/wp-json\/wp\/v2\/types\/post"}],"author":[{"embeddable":true,"href":"https:\/\/jms.com.bo\/mediamonitor\/wp-json\/wp\/v2\/users\/4"}],"replies":[{"embeddable":true,"href":"https:\/\/jms.com.bo\/mediamonitor\/wp-json\/wp\/v2\/comments?post=60596"}],"version-history":[{"count":0,"href":"https:\/\/jms.com.bo\/mediamonitor\/wp-json\/wp\/v2\/posts\/60596\/revisions"}],"wp:featuredmedia":[{"embeddable":true,"href":"https:\/\/jms.com.bo\/mediamonitor\/wp-json\/wp\/v2\/media\/60597"}],"wp:attachment":[{"href":"https:\/\/jms.com.bo\/mediamonitor\/wp-json\/wp\/v2\/media?parent=60596"}],"wp:term":[{"taxonomy":"category","embeddable":true,"href":"https:\/\/jms.com.bo\/mediamonitor\/wp-json\/wp\/v2\/categories?post=60596"},{"taxonomy":"post_tag","embeddable":true,"href":"https:\/\/jms.com.bo\/mediamonitor\/wp-json\/wp\/v2\/tags?post=60596"}],"curies":[{"name":"wp","href":"https:\/\/api.w.org\/{rel}","templated":true}]}}