{"id":60600,"date":"2023-11-03T06:42:00","date_gmt":"2023-11-03T10:42:00","guid":{"rendered":"https:\/\/jms.com.bo\/mediamonitor\/2023\/11\/03\/vocal-vargas-insta-responsabilidad-a-politicos-que-advierten-con-amedrentar-al-tse\/"},"modified":"2023-11-03T06:42:00","modified_gmt":"2023-11-03T10:42:00","slug":"vocal-vargas-insta-responsabilidad-a-politicos-que-advierten-con-amedrentar-al-tse","status":"publish","type":"post","link":"https:\/\/jms.com.bo\/mediamonitor\/2023\/11\/03\/vocal-vargas-insta-responsabilidad-a-politicos-que-advierten-con-amedrentar-al-tse\/","title":{"rendered":"Vocal Vargas insta responsabilidad a pol\u00edticos que advierten con amedrentar al TSE"},"content":{"rendered":"<p style=\"text-align: justify;\">El vocal Francisco Vargas, vicepresidente del Tribunal Supremo Electoral (TSE), pidi\u00f3 este jueves a los pol\u00edticos actuar con \u201cresponsabilidad\u201d en medio de fuertes cuestionamientos y hasta \u201camenazas\u201d a miembros del \u00d3rgano Electoral.<\/p>\n<p style=\"text-align: justify;\">\u201cApelo a que los actores y l\u00edderes pol\u00edticos act\u00faen de manera responsable con la democracia y el pa\u00eds\u201d, escribi\u00f3 Vargas en su cuenta de X.<br \/>\nAdem\u00e1s, rechaz\u00f3 los \u201cactos de amedrentamiento\u201d a sus colegas.<\/p>\n<p style=\"text-align: justify;\">El mensaje del vocal electoral coincide con los anuncios de algunos militantes del Movimiento Al Socialismo (MAS), espec\u00edficamente, de los seguidores de Evo Morales, de protestas contra resoluciones del TSE.<\/p>\n<p style=\"text-align: justify;\">Luego de conocer la decisi\u00f3n del TSE de anular el congreso del MAS en Lauca \u00d1, los d\u00edas 3 y 4 de octubre, algunos dirigentes anunciaron \u201cprocesos\u201d en contra de los miembros de ese \u00f3rgano y \u201cmovilizaciones masivas\u201d para \u201chacer respetar sus derechos pol\u00edticos\u201d.<\/p>\n<p style=\"text-align: justify;\">Por su parte, el TSE expuso varias razones por las que anul\u00f3 el encuentro del MAS. Por ejemplo, la vocal Dina Chuquimia se\u00f1al\u00f3 que el equipo jur\u00eddico del MAS present\u00f3 tan solo una impresi\u00f3n de la plataforma digital Yo Participo, pero el 13 de octubre, a 10 d\u00edas de inaugurado el congreso.<\/p>\n<p style=\"text-align: justify;\">Francisco Vargas<\/p>\n<p style=\"text-align: justify;\">Otra de las observaciones va directamente a la directiva electa en el tr\u00f3pico cochabambino; de los 16 miembros de su c\u00fapula, solo dos, Evo Morales e Isaac \u00c1valos, cumplen el requisito de 10 a\u00f1os de antig\u00fcedad exigidos por la misma convocatoria.<\/p>\n<p style=\"text-align: justify;\">\u201cLos actores pol\u00edticos que respetan la democracia exponen sus desacuerdos en el marco de la Constituci\u00f3n y la ley. Aquellos que la desprecian, utilizan la violencia, difamaci\u00f3n y amenazas\u201d, agreg\u00f3 Vargas en su publicaci\u00f3n.<\/p>\n<p style=\"text-align: justify;\">De los 11 partidos pol\u00edticos de alcance nacional registrados en el \u00d3rgano Electoral, solo cuatro presentaron sus directivas luego de cumplir con los requisitos descritos en la Ley 1096, de Organizaciones Pol\u00edticas.<\/p>\n<p style=\"text-align: justify;\">Pese a eso, el TSE decidi\u00f3 ampliar el plazo para que las organizaciones presenten las listas de sus dirigencias por 180 d\u00edas m\u00e1s. Es decir, los nombres de sus l\u00edderes deben ser remitida hasta abril de 2024.<\/p>\n<p style=\"text-align: justify;\">\u201cLa \u00fanica forma de subsanar las observaciones es con la realizaci\u00f3n de otro congreso\u201d, sugiri\u00f3 Chuquimia, en una entrevista con La Raz\u00f3n Radio, a la dirigencia del MAS.<\/p>\n","protected":false},"excerpt":{"rendered":"<p>El vocal Francisco Vargas, vicepresidente del Tribunal Supremo Electoral (TSE), pidi\u00f3 este jueves a los pol\u00edticos actuar con \u201cresponsabilidad\u201d en medio de fuertes cuestionamientos y hasta \u201camenazas\u201d a miembros del \u00d3rgano Electoral. \u201cApelo a que los actores y l\u00edderes pol\u00edticos act\u00faen de manera responsable con la democracia y el pa\u00eds\u201d, escribi\u00f3 Vargas en su cuenta [&hellip;]<\/p>\n","protected":false},"author":4,"featured_media":60601,"comment_status":"open","ping_status":"closed","sticky":false,"template":"","format":"standard","meta":{"footnotes":""},"categories":[18],"tags":[],"class_list":{"0":"post-60600","1":"post","2":"type-post","3":"status-publish","4":"format-standard","5":"has-post-thumbnail","7":"category-politica"},"_links":{"self":[{"href":"https:\/\/jms.com.bo\/mediamonitor\/wp-json\/wp\/v2\/posts\/60600","targetHints":{"allow":["GET"]}}],"collection":[{"href":"https:\/\/jms.com.bo\/mediamonitor\/wp-json\/wp\/v2\/posts"}],"about":[{"href":"https:\/\/jms.com.bo\/mediamonitor\/wp-json\/wp\/v2\/types\/post"}],"author":[{"embeddable":true,"href":"https:\/\/jms.com.bo\/mediamonitor\/wp-json\/wp\/v2\/users\/4"}],"replies":[{"embeddable":true,"href":"https:\/\/jms.com.bo\/mediamonitor\/wp-json\/wp\/v2\/comments?post=60600"}],"version-history":[{"count":0,"href":"https:\/\/jms.com.bo\/mediamonitor\/wp-json\/wp\/v2\/posts\/60600\/revisions"}],"wp:featuredmedia":[{"embeddable":true,"href":"https:\/\/jms.com.bo\/mediamonitor\/wp-json\/wp\/v2\/media\/60601"}],"wp:attachment":[{"href":"https:\/\/jms.com.bo\/mediamonitor\/wp-json\/wp\/v2\/media?parent=60600"}],"wp:term":[{"taxonomy":"category","embeddable":true,"href":"https:\/\/jms.com.bo\/mediamonitor\/wp-json\/wp\/v2\/categories?post=60600"},{"taxonomy":"post_tag","embeddable":true,"href":"https:\/\/jms.com.bo\/mediamonitor\/wp-json\/wp\/v2\/tags?post=60600"}],"curies":[{"name":"wp","href":"https:\/\/api.w.org\/{rel}","templated":true}]}}