{"id":60611,"date":"2023-11-03T06:55:42","date_gmt":"2023-11-03T10:55:42","guid":{"rendered":"https:\/\/jms.com.bo\/mediamonitor\/2023\/11\/03\/tension-entre-alcaldia-y-gobernacion-por-los-cobros-de-setar\/"},"modified":"2023-11-03T06:55:42","modified_gmt":"2023-11-03T10:55:42","slug":"tension-entre-alcaldia-y-gobernacion-por-los-cobros-de-setar","status":"publish","type":"post","link":"https:\/\/jms.com.bo\/mediamonitor\/2023\/11\/03\/tension-entre-alcaldia-y-gobernacion-por-los-cobros-de-setar\/","title":{"rendered":"Tensi\u00f3n entre Alcald\u00eda y Gobernaci\u00f3n por los cobros de Setar"},"content":{"rendered":"<p style=\"text-align: justify;\">M\u00e1xima tensi\u00f3n entre la Gobernaci\u00f3n y la Alcald\u00eda de Cercado a cuenta del cobro del servicio de Aseo Urbano Municipal, que se integra en la factura de Servicios El\u00e9ctricos de Tarija (Setar), al igual que el concepto de Alumbrado P\u00fablico, y que desde hace muchos a\u00f1os genera tensiones entre unos y otros por las diferentes liquidaciones.<\/p>\n<p style=\"text-align: justify;\">Aunque el alcalde Johnny Torres ha querido cortar pronto la tensi\u00f3n buscando directamente al gobernador a trav\u00e9s de una carta, lo cierto es que otros funcionarios de otros niveles inferiores y aliados pol\u00edticos de unos y otros est\u00e1n ya participando de la pelea, lo que amenaza una pronta resoluci\u00f3n.<\/p>\n<p style=\"text-align: justify;\">El \u00faltimo en participar ha sido el vocero de la Gobernaci\u00f3n de Tarija, Andr\u00e9s Castellanos, encargado de asuntos jur\u00eddicos y legales, quien insisti\u00f3 en la legitimidad de la instituci\u00f3n de tomar esa decisi\u00f3n ya que el convenio ha caducado, y el hecho de estar cobrando recursos de otra instituci\u00f3n sin tener un marco legal para ello implica riesgos.<\/p>\n<p style=\"text-align: justify;\">Plazos<\/p>\n<p style=\"text-align: justify;\">El convenio que ampara el cobro indirecto feneci\u00f3 hace dos a\u00f1os y hasta la fecha no se ha renovado<\/p>\n<p style=\"text-align: justify;\">Castellanos record\u00f3 que el \u00faltimo convenio firmado para la realizaci\u00f3n del cobro para la tasa del aseo urbano y alumbrado p\u00fablico fue firmado en fecha 2017 por la anterior gesti\u00f3n del entonces gerente de Setar, Alfredo Becerra, con el exalcalde municipal Rodrigo Paz Pereira. El mismo ten\u00eda una duraci\u00f3n de 4 a\u00f1os, mismo que feneci\u00f3 hace dos a\u00f1os atr\u00e1s. Desde entonces, seg\u00fan Castellanos, la Gobernaci\u00f3n solicit\u00f3 \u201ca trav\u00e9s de reiteradas cartas\u201d actualizar dicho convenio, sin embargo, pasaron dos a\u00f1os y no recibieron respuesta alguna.<\/p>\n<p style=\"text-align: justify;\">\u201cLa instituci\u00f3n al intentar apoyar en forma de favor el continuar realizando el cobro pese al vencimiento del convenio, tanto el Gobernador como el actual Gerente recibieron procesos penales en vez de un agradecimiento\u201d se\u00f1al\u00f3 Castellanos, quien lament\u00f3 la actitud \u201cde persecuci\u00f3n\u201d adoptada por el concejal Ervin Mancilla, aliado ahora al alcalde de Tarija, Jhonny Torres. Adem\u00e1s, tambi\u00e9n descalific\u00f3 el criterio del propio alcalde que consider\u00f3 la decisi\u00f3n tomada como precipitada y visceral, ya que considera que se ha tomado a la luz de los acontecimientos graves y de la premura del tiempo.<\/p>\n<p style=\"text-align: justify;\">Seg\u00fan el vocero de la gobernaci\u00f3n, su instituci\u00f3n ha cumplido con todos los pasos para solicitar la renovaci\u00f3n del convenio o, por el contrario, liquidarlo definitivamente y liberarse de la responsabilidad, lo que significa que la Alcald\u00eda tendr\u00eda que hacerse cargo del cobro a trav\u00e9s de la Direcci\u00f3n de Ingresos, sin embargo, las posibilidades de \u201ccoacci\u00f3n\u201d para asegurar el pago de los ciudadanos sin que ese pago est\u00e9 ligado a la posibilidad de que corten la luz por impago, son m\u00ednimas.<\/p>\n<p style=\"text-align: justify;\">Al mismo tiempo, el convenio tambi\u00e9n le garantiza a Servicios El\u00e9ctricos de Tarija cobrar de forma directa el monto de Alumbrado P\u00fablico del municipio de Tarija, que es el \u00fanico sistema que es autosostenible, pues el resto de municipios acarrean deudas por ese concepto que resultan complicadas de pagar.<\/p>\n<p style=\"text-align: justify;\">En esas, los operadores de uno y otro lado consideran que se alcanzar\u00e1 pronto un acuerdo, pero que ambas partes est\u00e1n queriendo evidenciar el malestar.<\/p>\n","protected":false},"excerpt":{"rendered":"<p>M\u00e1xima tensi\u00f3n entre la Gobernaci\u00f3n y la Alcald\u00eda de Cercado a cuenta del cobro del servicio de Aseo Urbano Municipal, que se integra en la factura de Servicios El\u00e9ctricos de Tarija (Setar), al igual que el concepto de Alumbrado P\u00fablico, y que desde hace muchos a\u00f1os genera tensiones entre unos y otros por las diferentes [&hellip;]<\/p>\n","protected":false},"author":4,"featured_media":60612,"comment_status":"open","ping_status":"closed","sticky":false,"template":"","format":"standard","meta":{"footnotes":""},"categories":[39],"tags":[],"class_list":{"0":"post-60611","1":"post","2":"type-post","3":"status-publish","4":"format-standard","5":"has-post-thumbnail","7":"category-energia"},"_links":{"self":[{"href":"https:\/\/jms.com.bo\/mediamonitor\/wp-json\/wp\/v2\/posts\/60611","targetHints":{"allow":["GET"]}}],"collection":[{"href":"https:\/\/jms.com.bo\/mediamonitor\/wp-json\/wp\/v2\/posts"}],"about":[{"href":"https:\/\/jms.com.bo\/mediamonitor\/wp-json\/wp\/v2\/types\/post"}],"author":[{"embeddable":true,"href":"https:\/\/jms.com.bo\/mediamonitor\/wp-json\/wp\/v2\/users\/4"}],"replies":[{"embeddable":true,"href":"https:\/\/jms.com.bo\/mediamonitor\/wp-json\/wp\/v2\/comments?post=60611"}],"version-history":[{"count":0,"href":"https:\/\/jms.com.bo\/mediamonitor\/wp-json\/wp\/v2\/posts\/60611\/revisions"}],"wp:featuredmedia":[{"embeddable":true,"href":"https:\/\/jms.com.bo\/mediamonitor\/wp-json\/wp\/v2\/media\/60612"}],"wp:attachment":[{"href":"https:\/\/jms.com.bo\/mediamonitor\/wp-json\/wp\/v2\/media?parent=60611"}],"wp:term":[{"taxonomy":"category","embeddable":true,"href":"https:\/\/jms.com.bo\/mediamonitor\/wp-json\/wp\/v2\/categories?post=60611"},{"taxonomy":"post_tag","embeddable":true,"href":"https:\/\/jms.com.bo\/mediamonitor\/wp-json\/wp\/v2\/tags?post=60611"}],"curies":[{"name":"wp","href":"https:\/\/api.w.org\/{rel}","templated":true}]}}