{"id":60613,"date":"2023-11-03T06:57:06","date_gmt":"2023-11-03T10:57:06","guid":{"rendered":"https:\/\/jms.com.bo\/mediamonitor\/2023\/11\/03\/setar-bermejo-tendra-un-transformador-de-25-mwh\/"},"modified":"2023-11-03T06:57:06","modified_gmt":"2023-11-03T10:57:06","slug":"setar-bermejo-tendra-un-transformador-de-25-mwh","status":"publish","type":"post","link":"https:\/\/jms.com.bo\/mediamonitor\/2023\/11\/03\/setar-bermejo-tendra-un-transformador-de-25-mwh\/","title":{"rendered":"Setar Bermejo tendr\u00e1 un transformador de 25 MWH"},"content":{"rendered":"<p style=\"text-align: justify;\">La empresa de Servicios El\u00e9ctricos de Tarija (Setar), mediante licitaci\u00f3n p\u00fablica realiz\u00f3 la adquisici\u00f3n de un nuevo transformador de 25 megavatios para la Subestaci\u00f3n de Bermejo, que sumados al otro transformador de 10 megavatios, se tendr\u00e1n 35 megavatios para distribuir energ\u00eda el\u00e9ctrica a la ciudad fronteriza, lo que garantiza atender toda la demanda de la poblaci\u00f3n durante los pr\u00f3ximos 30 a\u00f1os.<\/p>\n<p style=\"text-align: justify;\">El gerente de Setar, Marco L\u00f3pez, se\u00f1al\u00f3 que de acuerdo al plan de inversiones presentado a la Autoridad de Energ\u00eda (AE), en el estudio tarifar\u00eda y cuyo plan de inversiones, se contempl\u00f3 ampliar y mejorar la Subestaci\u00f3n de Bermejo.<\/p>\n<p style=\"text-align: justify;\">\u00abActualmente en Bermejo tenemos un transformador que tiene una capacidad de 10 megas y la demanda de Bermejo en \u00e9poca de calor llega a 7,5 megas, entonces se ha priorizado en este plan de inversi\u00f3n hacer la adquisici\u00f3n de un nuevo transformador de 25 megas, es as\u00ed que ya se ha hecho la convocatoria, la licitaci\u00f3n p\u00fablica y ya tenemos una empresa precalificada, estamos a la espera de los documentos que han sido presentados en el Sicoes de manera oficial y en los siguientes d\u00edas, de tener todo en orden firmar el contrato con la empresa\u00bb, dijo L\u00f3pez.<\/p>\n<p style=\"text-align: justify;\">Por otro lado, se\u00f1al\u00f3 que cerrar\u00e1n el a\u00f1o con los trabajos de ampliaci\u00f3n de conexiones el\u00e9ctricas, especialmente en la provincia Cercado, que en coordinaci\u00f3n con las juntas vecinales y Fedjuve, se vienen concretando estos proyectos en varios barrios de la ciudad de Tarija, con una inversi\u00f3n que supera los 7 millones de bolivianos. \u00abHasta diciembre esperamos cerrar con unos tres barrios, estamos hablando de la atenci\u00f3n a unos 25 barrios este a\u00f1o y alrededor de unos 2.500 nuevos usuarios, quienes no ten\u00edan la energ\u00eda el\u00e9ctrica\u00bb, explic\u00f3.<\/p>\n","protected":false},"excerpt":{"rendered":"<p>La empresa de Servicios El\u00e9ctricos de Tarija (Setar), mediante licitaci\u00f3n p\u00fablica realiz\u00f3 la adquisici\u00f3n de un nuevo transformador de 25 megavatios para la Subestaci\u00f3n de Bermejo, que sumados al otro transformador de 10 megavatios, se tendr\u00e1n 35 megavatios para distribuir energ\u00eda el\u00e9ctrica a la ciudad fronteriza, lo que garantiza atender toda la demanda de la [&hellip;]<\/p>\n","protected":false},"author":4,"featured_media":60614,"comment_status":"open","ping_status":"closed","sticky":false,"template":"","format":"standard","meta":{"footnotes":""},"categories":[39,44,48],"tags":[],"class_list":{"0":"post-60613","1":"post","2":"type-post","3":"status-publish","4":"format-standard","5":"has-post-thumbnail","7":"category-energia","8":"category-portada-energia","9":"category-portada-general-sitio"},"_links":{"self":[{"href":"https:\/\/jms.com.bo\/mediamonitor\/wp-json\/wp\/v2\/posts\/60613","targetHints":{"allow":["GET"]}}],"collection":[{"href":"https:\/\/jms.com.bo\/mediamonitor\/wp-json\/wp\/v2\/posts"}],"about":[{"href":"https:\/\/jms.com.bo\/mediamonitor\/wp-json\/wp\/v2\/types\/post"}],"author":[{"embeddable":true,"href":"https:\/\/jms.com.bo\/mediamonitor\/wp-json\/wp\/v2\/users\/4"}],"replies":[{"embeddable":true,"href":"https:\/\/jms.com.bo\/mediamonitor\/wp-json\/wp\/v2\/comments?post=60613"}],"version-history":[{"count":0,"href":"https:\/\/jms.com.bo\/mediamonitor\/wp-json\/wp\/v2\/posts\/60613\/revisions"}],"wp:featuredmedia":[{"embeddable":true,"href":"https:\/\/jms.com.bo\/mediamonitor\/wp-json\/wp\/v2\/media\/60614"}],"wp:attachment":[{"href":"https:\/\/jms.com.bo\/mediamonitor\/wp-json\/wp\/v2\/media?parent=60613"}],"wp:term":[{"taxonomy":"category","embeddable":true,"href":"https:\/\/jms.com.bo\/mediamonitor\/wp-json\/wp\/v2\/categories?post=60613"},{"taxonomy":"post_tag","embeddable":true,"href":"https:\/\/jms.com.bo\/mediamonitor\/wp-json\/wp\/v2\/tags?post=60613"}],"curies":[{"name":"wp","href":"https:\/\/api.w.org\/{rel}","templated":true}]}}