{"id":60615,"date":"2023-11-03T06:58:38","date_gmt":"2023-11-03T10:58:38","guid":{"rendered":"https:\/\/jms.com.bo\/mediamonitor\/2023\/11\/03\/ypfb-apunta-al-ministerio-de-economia-y-al-bcb-por-retraso-en-pagos-para-diesel\/"},"modified":"2023-11-03T06:58:38","modified_gmt":"2023-11-03T10:58:38","slug":"ypfb-apunta-al-ministerio-de-economia-y-al-bcb-por-retraso-en-pagos-para-diesel","status":"publish","type":"post","link":"https:\/\/jms.com.bo\/mediamonitor\/2023\/11\/03\/ypfb-apunta-al-ministerio-de-economia-y-al-bcb-por-retraso-en-pagos-para-diesel\/","title":{"rendered":"YPFB apunta al Ministerio de Econom\u00eda y al BCB por retraso en pagos para di\u00e9sel"},"content":{"rendered":"<p style=\"text-align: justify;\">La estatal YPFB admiti\u00f3 retrasos en los pagos para la importaci\u00f3n de combustibles al pa\u00eds la semana pasada y apunt\u00f3 al Banco Central de Bolivia (BCB) y al Ministerio de Econom\u00eda como las entidades responsables de la demora. Esta situaci\u00f3n gener\u00f3 los problemas de aprovisionamiento que ya fue normalizado, seg\u00fan el presidente de la compa\u00f1\u00eda, Armin Dorgathen.<\/p>\n<p style=\"text-align: justify;\">Analistas econ\u00f3micos se\u00f1alaron que estos retrasos en los pagos pueden deberse a la falta de d\u00f3lares que hay en el pa\u00eds e indicaron que la situaci\u00f3n podr\u00eda empeorar en los pr\u00f3ximos meses.<\/p>\n<p style=\"text-align: justify;\">En contacto con la red Unitel, Dorgathen indic\u00f3: \u201cEl problema log\u00edstico que tuvimos fueron las emisiones de SWIFT (sistema para mover dinero) para poder pagar a las empresas que nos proveen combustibles. Hubo un retraso en la entrega de los SWIFT\u201d.<\/p>\n<p style=\"text-align: justify;\">Esto, seg\u00fan Dorgathen, s\u00f3lo afect\u00f3 a un 20 por ciento de la compra de combustibles. Al ser consultado si el percance fue por falta de d\u00f3lares indic\u00f3: \u201cComo YPFB no sabemos si hay o no d\u00f3lares, hubo un retraso de un d\u00eda en el pago de cuota\u201d. A\u00f1adi\u00f3 que corresponde al BCB y al Ministerio de Econom\u00eda aclarar el motivo de los retrasos.<\/p>\n<p style=\"text-align: justify;\">El economista Luis Fernando Romero indic\u00f3 que con ya es la tercera vez en el a\u00f1o que se presenta una escasez de gasolina y di\u00e9sel (principalmente). \u201cLa agroindustria ha sido afectada porque el Estado no contaba con la liquidez necesaria para pagar a los proveedores y eso ha hecho que se retrase\u201d.<\/p>\n<p style=\"text-align: justify;\">Romero a\u00f1adi\u00f3 que con una balanza comercial deficitaria, como se contin\u00faa viendo en el pa\u00eds, especialmente el sector hidrocarbur\u00edfero, no se contar\u00e1 con las divisas para hacer las compras requeridas.<\/p>\n<p style=\"text-align: justify;\">Asimismo, el exdirector del BCB Jose Espinoza se\u00f1al\u00f3: \u201cEl Presidente de YPFB descarga responsabilidades en el BCB y Econom\u00eda por falta de combustible (dada la falta de d\u00f3lares para pagar). Lo que nos est\u00e1n diciendo es que la situaci\u00f3n ya es desesperante\u201d.<\/p>\n<p style=\"text-align: justify;\">El economista Antonio Saravia apunt\u00f3 con relaci\u00f3n a las declaraciones de Dorgathen. \u201c\u00c9sta es una se\u00f1al clar\u00edsima de que estamos cantando los \u00faltimos quiries. El presidente de YPFB manda al frente al ministro de Econom\u00eda y al BCB y eso s\u00f3lo pasa cuando el barco se hunde y cada quien trata de salvar el pellejo\u201d.<\/p>\n<p style=\"text-align: justify;\">El sector panificador en La Paz tambi\u00e9n tuvo problemas de aprovisionamiento de GLP. La ANH indic\u00f3 que el mismo ser\u00e1 resuelto.<\/p>\n<p style=\"text-align: justify;\">Las empresas est\u00e1n preocupadas<\/p>\n<p style=\"text-align: justify;\">La Federaci\u00f3n de Entidades Empresariales Privadas de Cochabamba (FEPC) expres\u00f3 su \u201cprofunda preocupaci\u00f3n\u201d por las consecuencias que generan los problemas de log\u00edstica de distribuci\u00f3n en el abastecimiento de di\u00e9sel, que ya provoc\u00f3 una p\u00e9rdida de 16 millones de bolivianos al aparato productivo de la regi\u00f3n, seg\u00fan una nota de prensa.<\/p>\n<p style=\"text-align: justify;\">La FEPC solicit\u00f3 a las autoridades desplegar todos los esfuerzos necesarios para garantizar la distribuci\u00f3n adecuada de combustible.<\/p>\n","protected":false},"excerpt":{"rendered":"<p>La estatal YPFB admiti\u00f3 retrasos en los pagos para la importaci\u00f3n de combustibles al pa\u00eds la semana pasada y apunt\u00f3 al Banco Central de Bolivia (BCB) y al Ministerio de Econom\u00eda como las entidades responsables de la demora. Esta situaci\u00f3n gener\u00f3 los problemas de aprovisionamiento que ya fue normalizado, seg\u00fan el presidente de la compa\u00f1\u00eda, [&hellip;]<\/p>\n","protected":false},"author":4,"featured_media":60616,"comment_status":"open","ping_status":"closed","sticky":false,"template":"","format":"standard","meta":{"footnotes":""},"categories":[40,23],"tags":[],"class_list":{"0":"post-60615","1":"post","2":"type-post","3":"status-publish","4":"format-standard","5":"has-post-thumbnail","7":"category-bolivia","8":"category-hidrocarburos"},"_links":{"self":[{"href":"https:\/\/jms.com.bo\/mediamonitor\/wp-json\/wp\/v2\/posts\/60615","targetHints":{"allow":["GET"]}}],"collection":[{"href":"https:\/\/jms.com.bo\/mediamonitor\/wp-json\/wp\/v2\/posts"}],"about":[{"href":"https:\/\/jms.com.bo\/mediamonitor\/wp-json\/wp\/v2\/types\/post"}],"author":[{"embeddable":true,"href":"https:\/\/jms.com.bo\/mediamonitor\/wp-json\/wp\/v2\/users\/4"}],"replies":[{"embeddable":true,"href":"https:\/\/jms.com.bo\/mediamonitor\/wp-json\/wp\/v2\/comments?post=60615"}],"version-history":[{"count":0,"href":"https:\/\/jms.com.bo\/mediamonitor\/wp-json\/wp\/v2\/posts\/60615\/revisions"}],"wp:featuredmedia":[{"embeddable":true,"href":"https:\/\/jms.com.bo\/mediamonitor\/wp-json\/wp\/v2\/media\/60616"}],"wp:attachment":[{"href":"https:\/\/jms.com.bo\/mediamonitor\/wp-json\/wp\/v2\/media?parent=60615"}],"wp:term":[{"taxonomy":"category","embeddable":true,"href":"https:\/\/jms.com.bo\/mediamonitor\/wp-json\/wp\/v2\/categories?post=60615"},{"taxonomy":"post_tag","embeddable":true,"href":"https:\/\/jms.com.bo\/mediamonitor\/wp-json\/wp\/v2\/tags?post=60615"}],"curies":[{"name":"wp","href":"https:\/\/api.w.org\/{rel}","templated":true}]}}