{"id":60619,"date":"2023-11-03T07:01:15","date_gmt":"2023-11-03T11:01:15","guid":{"rendered":"https:\/\/jms.com.bo\/mediamonitor\/2023\/11\/03\/brasil-demando-mas-gas-natural-de-bolivia-en-agosto-de-2023\/"},"modified":"2023-11-03T07:01:15","modified_gmt":"2023-11-03T11:01:15","slug":"brasil-demando-mas-gas-natural-de-bolivia-en-agosto-de-2023","status":"publish","type":"post","link":"https:\/\/jms.com.bo\/mediamonitor\/2023\/11\/03\/brasil-demando-mas-gas-natural-de-bolivia-en-agosto-de-2023\/","title":{"rendered":"Brasil demand\u00f3 m\u00e1s gas natural de Bolivia en agosto de 2023"},"content":{"rendered":"<p style=\"text-align: justify;\">En agosto de 2023, el mercado brasile\u00f1o demand\u00f3 mayor volumen de gas natural alcanzando 425 millones de metros c\u00fabicos respecto a julio, cuando lleg\u00f3 a 416 millones de metros c\u00fabicos, se inform\u00f3 el Bolet\u00edn Sectorial de Hidrocarburos del Instituto Nacional de Estad\u00edstica (INE).<\/p>\n<p style=\"text-align: justify;\">En tanto, la exportaci\u00f3n de este producto a Argentina disminuy\u00f3 hasta 230 millones de metros c\u00fabicos.<\/p>\n<p style=\"text-align: justify;\">En el mismo mes, el volumen importado de di\u00e9sel alcanz\u00f3 a 57 mil metros c\u00fabicos, presentando una disminuci\u00f3n con relaci\u00f3n a julio, debido a la menor demanda de los sectores productivos como la miner\u00eda, transporte, construcci\u00f3n y, principalmente, la agroindustria.<\/p>\n<p style=\"text-align: justify;\">En cuanto a la importaci\u00f3n de gasolina \u00e9sta registr\u00f3 tambi\u00e9n un volumen menor de importaci\u00f3n, alcanzando a 83 mil metros c\u00fabicos en agosto de 2023.<\/p>\n<p style=\"text-align: justify;\">El \u00cdndice de Volumen de Producci\u00f3n de Petr\u00f3leo y Gas Natural, en su comportamiento mensual, a agosto de 2023, registr\u00f3 una variaci\u00f3n acumulada negativa de 13,8%, explicado por el comportamiento en los \u00edndices acumulados.<\/p>\n<p style=\"text-align: justify;\">A su vez, en el mismo per\u00edodo, el gas natural y petr\u00f3leo, mostraron variaciones negativas de 13,4% y 16,3%, respectivamente.<\/p>\n","protected":false},"excerpt":{"rendered":"<p>En agosto de 2023, el mercado brasile\u00f1o demand\u00f3 mayor volumen de gas natural alcanzando 425 millones de metros c\u00fabicos respecto a julio, cuando lleg\u00f3 a 416 millones de metros c\u00fabicos, se inform\u00f3 el Bolet\u00edn Sectorial de Hidrocarburos del Instituto Nacional de Estad\u00edstica (INE). En tanto, la exportaci\u00f3n de este producto a Argentina disminuy\u00f3 hasta 230 [&hellip;]<\/p>\n","protected":false},"author":4,"featured_media":60620,"comment_status":"open","ping_status":"closed","sticky":false,"template":"","format":"standard","meta":{"footnotes":""},"categories":[40,23],"tags":[],"class_list":{"0":"post-60619","1":"post","2":"type-post","3":"status-publish","4":"format-standard","5":"has-post-thumbnail","7":"category-bolivia","8":"category-hidrocarburos"},"_links":{"self":[{"href":"https:\/\/jms.com.bo\/mediamonitor\/wp-json\/wp\/v2\/posts\/60619","targetHints":{"allow":["GET"]}}],"collection":[{"href":"https:\/\/jms.com.bo\/mediamonitor\/wp-json\/wp\/v2\/posts"}],"about":[{"href":"https:\/\/jms.com.bo\/mediamonitor\/wp-json\/wp\/v2\/types\/post"}],"author":[{"embeddable":true,"href":"https:\/\/jms.com.bo\/mediamonitor\/wp-json\/wp\/v2\/users\/4"}],"replies":[{"embeddable":true,"href":"https:\/\/jms.com.bo\/mediamonitor\/wp-json\/wp\/v2\/comments?post=60619"}],"version-history":[{"count":0,"href":"https:\/\/jms.com.bo\/mediamonitor\/wp-json\/wp\/v2\/posts\/60619\/revisions"}],"wp:featuredmedia":[{"embeddable":true,"href":"https:\/\/jms.com.bo\/mediamonitor\/wp-json\/wp\/v2\/media\/60620"}],"wp:attachment":[{"href":"https:\/\/jms.com.bo\/mediamonitor\/wp-json\/wp\/v2\/media?parent=60619"}],"wp:term":[{"taxonomy":"category","embeddable":true,"href":"https:\/\/jms.com.bo\/mediamonitor\/wp-json\/wp\/v2\/categories?post=60619"},{"taxonomy":"post_tag","embeddable":true,"href":"https:\/\/jms.com.bo\/mediamonitor\/wp-json\/wp\/v2\/tags?post=60619"}],"curies":[{"name":"wp","href":"https:\/\/api.w.org\/{rel}","templated":true}]}}