{"id":60631,"date":"2023-11-06T06:29:32","date_gmt":"2023-11-06T10:29:32","guid":{"rendered":"https:\/\/jms.com.bo\/mediamonitor\/2023\/11\/06\/bananeros-suspenden-exportacion-a-la-argentina-por-deuda-de-us-10-millones\/"},"modified":"2023-11-06T06:29:32","modified_gmt":"2023-11-06T10:29:32","slug":"bananeros-suspenden-exportacion-a-la-argentina-por-deuda-de-us-10-millones","status":"publish","type":"post","link":"https:\/\/jms.com.bo\/mediamonitor\/2023\/11\/06\/bananeros-suspenden-exportacion-a-la-argentina-por-deuda-de-us-10-millones\/","title":{"rendered":"Bananeros suspenden exportaci\u00f3n a la Argentina por deuda de $us 10 millones"},"content":{"rendered":"<p style=\"text-align: justify;\">Los productores de banano del tr\u00f3pico de Cochabamba ratificaron ayer que el sector est\u00e1 en estado de emergencia y suspendi\u00f3 la exportaci\u00f3n de la fruta a la Argentina porque no se les paga deudas que alcanzan los 10 millones de d\u00f3lares.<\/p>\n<p style=\"text-align: justify;\">El presidente de la Uni\u00f3n de Bananeros, Daniel Ramos, mencion\u00f3 que las deudas afectan a 22 mil familias que se dedican al rubro y se busca una audiencia con el presidente del Estado, Luis Arce, para que pueda gestionar el pago de las deudas ante el Gobierno argentino.<\/p>\n<p style=\"text-align: justify;\">\u201cM\u00e1s del 50 por ciento de la exportaciones est\u00e1 paralizadas y la siguiente semana se va a paralizar todo, hace tres meses que no llega ning\u00fan pago, la situaci\u00f3n es insostenible\u201d, sostuvo.<\/p>\n<p style=\"text-align: justify;\">Ramos inform\u00f3 que los pagos comenzaron a demorar desde julio del a\u00f1o pasado, donde incluso Argentina pretend\u00eda que cancelar despu\u00e9s de 180 d\u00edas por el producto exportado, sin embargo, se logr\u00f3 acordar que el plazo ser\u00eda de 30 d\u00edas.<\/p>\n<p style=\"text-align: justify;\">Coment\u00f3 que las empresas est\u00e1n preocupadas porque la falta de pagos impide comprar cajas y cancelar sueldos al personal que se encarga de empacar de fruta.<\/p>\n<p style=\"text-align: justify;\">El dirigente de los bananeros inform\u00f3 que se solicit\u00f3 apoyo a los ministerios de Econom\u00eda y Relaciones Exteriores, pero las gestiones realizadas no son suficientes por lo que es fundamental que el presidente Arce se involucre en el tema.<\/p>\n<p style=\"text-align: justify;\">Por su parte, el presidente de la C\u00e1mara Agropecuaria de Cochabamba (CAC), Agust\u00edn Conde, se\u00f1al\u00f3 que los productores del tr\u00f3pico est\u00e1n desechando la fruta a las parcelas porque los mercados nacionales est\u00e1n completamente saturados con la fruta.<\/p>\n<p style=\"text-align: justify;\">\u201cEl productor est\u00e1 cortando y metiendo la fruta al suelo, lo est\u00e1 utilizando como abono porque el banano ya estaba listo para sacar, si esto contin\u00faa va ser devastador\u201d, acot\u00f3. Conde a\u00f1adi\u00f3 que los productores resolvieron instalar desde el lunes una vigilia en puertas de la embajada de Argentina exigiendo a la autoridades del pa\u00eds vecino que reduzcan la burocracia para cumplir con los pagos. Asimismo, sostuvo que el 90 por ciento de la producci\u00f3n de banano va al mercado argentino.<\/p>\n<p style=\"text-align: justify;\">Exportaci\u00f3n sube a $us 395 millones<\/p>\n<p style=\"text-align: justify;\">El vicepresidente de la C\u00e1mara Agropecuaria de Cochabamba, Rolando Morales, precis\u00f3 que Bolivia en 10 a\u00f1os (2012 &#8211; 2022) logr\u00f3 exportar 1, 5 millones de toneladas de banano a la Argentina por 395 millones de d\u00f3lares. Explic\u00f3 que la exportaci\u00f3n de fruta al pa\u00eds vecino aumenta a\u00f1o que pasa porque es el principal mercado y que en este momento no hay otra naci\u00f3n interesada en comprar la fruta, por lo que las autoridades nacionales deben buscar una soluci\u00f3n al problema.<\/p>\n","protected":false},"excerpt":{"rendered":"<p>Los productores de banano del tr\u00f3pico de Cochabamba ratificaron ayer que el sector est\u00e1 en estado de emergencia y suspendi\u00f3 la exportaci\u00f3n de la fruta a la Argentina porque no se les paga deudas que alcanzan los 10 millones de d\u00f3lares. El presidente de la Uni\u00f3n de Bananeros, Daniel Ramos, mencion\u00f3 que las deudas afectan [&hellip;]<\/p>\n","protected":false},"author":4,"featured_media":60632,"comment_status":"open","ping_status":"closed","sticky":false,"template":"","format":"standard","meta":{"footnotes":""},"categories":[52],"tags":[],"class_list":{"0":"post-60631","1":"post","2":"type-post","3":"status-publish","4":"format-standard","5":"has-post-thumbnail","7":"category-alimentos-agroindustria"},"_links":{"self":[{"href":"https:\/\/jms.com.bo\/mediamonitor\/wp-json\/wp\/v2\/posts\/60631","targetHints":{"allow":["GET"]}}],"collection":[{"href":"https:\/\/jms.com.bo\/mediamonitor\/wp-json\/wp\/v2\/posts"}],"about":[{"href":"https:\/\/jms.com.bo\/mediamonitor\/wp-json\/wp\/v2\/types\/post"}],"author":[{"embeddable":true,"href":"https:\/\/jms.com.bo\/mediamonitor\/wp-json\/wp\/v2\/users\/4"}],"replies":[{"embeddable":true,"href":"https:\/\/jms.com.bo\/mediamonitor\/wp-json\/wp\/v2\/comments?post=60631"}],"version-history":[{"count":0,"href":"https:\/\/jms.com.bo\/mediamonitor\/wp-json\/wp\/v2\/posts\/60631\/revisions"}],"wp:featuredmedia":[{"embeddable":true,"href":"https:\/\/jms.com.bo\/mediamonitor\/wp-json\/wp\/v2\/media\/60632"}],"wp:attachment":[{"href":"https:\/\/jms.com.bo\/mediamonitor\/wp-json\/wp\/v2\/media?parent=60631"}],"wp:term":[{"taxonomy":"category","embeddable":true,"href":"https:\/\/jms.com.bo\/mediamonitor\/wp-json\/wp\/v2\/categories?post=60631"},{"taxonomy":"post_tag","embeddable":true,"href":"https:\/\/jms.com.bo\/mediamonitor\/wp-json\/wp\/v2\/tags?post=60631"}],"curies":[{"name":"wp","href":"https:\/\/api.w.org\/{rel}","templated":true}]}}