{"id":60635,"date":"2023-11-06T06:32:15","date_gmt":"2023-11-06T10:32:15","guid":{"rendered":"https:\/\/jms.com.bo\/mediamonitor\/2023\/11\/06\/evistas-marcharan-este-lunes-en-la-paz-en-defensa-del-congreso-del-mas-anulado-por-el-tse\/"},"modified":"2023-11-06T06:32:15","modified_gmt":"2023-11-06T10:32:15","slug":"evistas-marcharan-este-lunes-en-la-paz-en-defensa-del-congreso-del-mas-anulado-por-el-tse","status":"publish","type":"post","link":"https:\/\/jms.com.bo\/mediamonitor\/2023\/11\/06\/evistas-marcharan-este-lunes-en-la-paz-en-defensa-del-congreso-del-mas-anulado-por-el-tse\/","title":{"rendered":"Evistas marchar\u00e1n este lunes en La Paz en defensa del congreso del MAS anulado por el TSE"},"content":{"rendered":"<p style=\"text-align: justify;\">En rechazo a la anulaci\u00f3n del Congreso ordinario por parte del Tribunal Supremo Electoral (TSE) y en defensa de Evo Morales, la direcci\u00f3n departamental del Movimiento Al Socialismo (MAS) de La Paz convoc\u00f3 a una movilizaci\u00f3n para este lunes, a partir de las 09:00 horas.<\/p>\n<p style=\"text-align: justify;\">\u201cLas organizaciones sociales se est\u00e1n organizando para participar en la marcha que se realizar\u00e1 este lunes en la ciudad de La Paz, en defensa del congreso del Movimiento Al Socialismo y que se respete(n) las decisiones que se tomaron en el encuentro y a la nueva dirigencia nacional\u201d, inform\u00f3 a la ANF el diputado Freddy L\u00f3pez.<\/p>\n<p style=\"text-align: justify;\">Esta decisi\u00f3n se asumi\u00f3 durante el ampliado de emergencia de la direcci\u00f3n departamental del instrumento pol\u00edtico que se realiz\u00f3 el viernes, en el que participaron los interculturales, los dirigentes del Consejo de Federaciones Campesinas de los Yungas (Cofecay) y otros sectores.<\/p>\n<p style=\"text-align: justify;\">Esa informaci\u00f3n fue confirmada por el dirigente del MAS, Omar Arce, quien indic\u00f3 que los militantes y simpatizantes se concentrar\u00e1n en la avenida Montes, a la altura de la Cervecer\u00eda Boliviana Nacional (CBN) desde las 08:00 a.m.<\/p>\n<p style=\"text-align: justify;\">Se tiene previsto que la marcha recorra el prado pace\u00f1o hasta llegar a instalaciones del \u00d3rgano electoral, ubicado en la zona de Sopocachi, donde se desarrollar\u00e1 un mitin de protesta. La semana pasada, grupos afines a Morales protestaron al frente de esa instancia, la polic\u00eda lleg\u00f3 al lugar para evitar posibles enfrentamientos y destrozos al bien p\u00fablico.<\/p>\n","protected":false},"excerpt":{"rendered":"<p>En rechazo a la anulaci\u00f3n del Congreso ordinario por parte del Tribunal Supremo Electoral (TSE) y en defensa de Evo Morales, la direcci\u00f3n departamental del Movimiento Al Socialismo (MAS) de La Paz convoc\u00f3 a una movilizaci\u00f3n para este lunes, a partir de las 09:00 horas. \u201cLas organizaciones sociales se est\u00e1n organizando para participar en la [&hellip;]<\/p>\n","protected":false},"author":4,"featured_media":60636,"comment_status":"open","ping_status":"closed","sticky":false,"template":"","format":"standard","meta":{"footnotes":""},"categories":[49],"tags":[],"class_list":{"0":"post-60635","1":"post","2":"type-post","3":"status-publish","4":"format-standard","5":"has-post-thumbnail","7":"category-social"},"_links":{"self":[{"href":"https:\/\/jms.com.bo\/mediamonitor\/wp-json\/wp\/v2\/posts\/60635","targetHints":{"allow":["GET"]}}],"collection":[{"href":"https:\/\/jms.com.bo\/mediamonitor\/wp-json\/wp\/v2\/posts"}],"about":[{"href":"https:\/\/jms.com.bo\/mediamonitor\/wp-json\/wp\/v2\/types\/post"}],"author":[{"embeddable":true,"href":"https:\/\/jms.com.bo\/mediamonitor\/wp-json\/wp\/v2\/users\/4"}],"replies":[{"embeddable":true,"href":"https:\/\/jms.com.bo\/mediamonitor\/wp-json\/wp\/v2\/comments?post=60635"}],"version-history":[{"count":0,"href":"https:\/\/jms.com.bo\/mediamonitor\/wp-json\/wp\/v2\/posts\/60635\/revisions"}],"wp:featuredmedia":[{"embeddable":true,"href":"https:\/\/jms.com.bo\/mediamonitor\/wp-json\/wp\/v2\/media\/60636"}],"wp:attachment":[{"href":"https:\/\/jms.com.bo\/mediamonitor\/wp-json\/wp\/v2\/media?parent=60635"}],"wp:term":[{"taxonomy":"category","embeddable":true,"href":"https:\/\/jms.com.bo\/mediamonitor\/wp-json\/wp\/v2\/categories?post=60635"},{"taxonomy":"post_tag","embeddable":true,"href":"https:\/\/jms.com.bo\/mediamonitor\/wp-json\/wp\/v2\/tags?post=60635"}],"curies":[{"name":"wp","href":"https:\/\/api.w.org\/{rel}","templated":true}]}}