{"id":60637,"date":"2023-11-06T06:33:32","date_gmt":"2023-11-06T10:33:32","guid":{"rendered":"https:\/\/jms.com.bo\/mediamonitor\/2023\/11\/06\/mineros-cercaran-la-paz-este-lunes-con-20-puntos-de-bloqueos-exigen-menos-impuestos-y-frenar-los-avasallamientos\/"},"modified":"2023-11-06T06:33:32","modified_gmt":"2023-11-06T10:33:32","slug":"mineros-cercaran-la-paz-este-lunes-con-20-puntos-de-bloqueos-exigen-menos-impuestos-y-frenar-los-avasallamientos","status":"publish","type":"post","link":"https:\/\/jms.com.bo\/mediamonitor\/2023\/11\/06\/mineros-cercaran-la-paz-este-lunes-con-20-puntos-de-bloqueos-exigen-menos-impuestos-y-frenar-los-avasallamientos\/","title":{"rendered":"Mineros cercar\u00e1n La Paz este lunes con 20 puntos de bloqueos, exigen menos impuestos y frenar los avasallamientos"},"content":{"rendered":"<p style=\"text-align: justify;\">Se abre un nuevo conflicto para el Gobierno. El sector minero, dedicado a la extracci\u00f3n de oro, confirm\u00f3 una masiva movilizaci\u00f3n para este lunes y martes que incluye 20 puntos de bloqueos en la ciudad de La Paz. Exige la aprobaci\u00f3n de una ley para pagar un 4,8% de impuestos y que el Estado frene el avasallamiento de concesiones mineras.<\/p>\n<p style=\"text-align: justify;\">Ramiro Balmaceda, presidente de la Federaci\u00f3n Regional de Cooperativas Mineras Aur\u00edferas de La Paz, (Fecoman), inform\u00f3 en conferencia de prensa que este lunes su sector se movilizar\u00e1 en una masiva marcha que descender\u00e1 desde el Multifuncional de la Ceja, de El Alto hasta Plaza Murillo.<\/p>\n<p style=\"text-align: justify;\">La medida es en rechazo a la no atenci\u00f3n de demandas por el Gobierno, entre ellas la aprobaci\u00f3n del proyecto de ley de la creaci\u00f3n del R\u00e9gimen Tributario \u00danico del 4,8% para la comercializaci\u00f3n del oro, los avasallamientos, la miner\u00eda ilegal, personer\u00eda jur\u00eddica de Fecmabol y otros.<\/p>\n<p style=\"text-align: justify;\">\u201cNos vamos a encontrar en movilizaci\u00f3n, posteriormente se proceder\u00e1 con el bloqueo de caminos. Esto ha sido consensuando con las diferentes federaciones en las \u00faltimas reuniones que hemos sostenido, incluyendo a la Fecmabol (Federaci\u00f3n de Cooperativas Mineras Aur\u00edferas de Bolivia\u201d, dijo Balmaceda.<\/p>\n<p style=\"text-align: justify;\">Este sector cuenta con 80.000 mineros de casi 1.000 cooperativas afiliadas a Fecmabol, a la Federaci\u00f3n Regional de Cooperativas Aur\u00edferas (Ferreco), entre otras, que ingresar\u00e1n por dos sectores, la Ceja de la ciudad de El Alto y la zona de Villa F\u00e1tima, en La Paz.<\/p>\n<p style=\"text-align: justify;\">Seg\u00fan reporte de Erbol, la movilizaci\u00f3n se organiza desde el 16 de octubre, cuando lanzaron el instructivo a sus afiliados . Luego, el pasado 1 de noviembre ratificaron la medida de presi\u00f3n pidiendo disculpas a los transportistas y gremiales, por los perjuicios que puede ocasionar la marcha de este lunes.<\/p>\n<p style=\"text-align: justify;\">Otra demanda es continuar los tr\u00e1mites de adecuaci\u00f3n en \u00e1reas forestales con derechos preconstituidos para la actividad minera.<\/p>\n","protected":false},"excerpt":{"rendered":"<p>Se abre un nuevo conflicto para el Gobierno. El sector minero, dedicado a la extracci\u00f3n de oro, confirm\u00f3 una masiva movilizaci\u00f3n para este lunes y martes que incluye 20 puntos de bloqueos en la ciudad de La Paz. Exige la aprobaci\u00f3n de una ley para pagar un 4,8% de impuestos y que el Estado frene [&hellip;]<\/p>\n","protected":false},"author":4,"featured_media":60638,"comment_status":"open","ping_status":"closed","sticky":false,"template":"","format":"standard","meta":{"footnotes":""},"categories":[49],"tags":[],"class_list":{"0":"post-60637","1":"post","2":"type-post","3":"status-publish","4":"format-standard","5":"has-post-thumbnail","7":"category-social"},"_links":{"self":[{"href":"https:\/\/jms.com.bo\/mediamonitor\/wp-json\/wp\/v2\/posts\/60637","targetHints":{"allow":["GET"]}}],"collection":[{"href":"https:\/\/jms.com.bo\/mediamonitor\/wp-json\/wp\/v2\/posts"}],"about":[{"href":"https:\/\/jms.com.bo\/mediamonitor\/wp-json\/wp\/v2\/types\/post"}],"author":[{"embeddable":true,"href":"https:\/\/jms.com.bo\/mediamonitor\/wp-json\/wp\/v2\/users\/4"}],"replies":[{"embeddable":true,"href":"https:\/\/jms.com.bo\/mediamonitor\/wp-json\/wp\/v2\/comments?post=60637"}],"version-history":[{"count":0,"href":"https:\/\/jms.com.bo\/mediamonitor\/wp-json\/wp\/v2\/posts\/60637\/revisions"}],"wp:featuredmedia":[{"embeddable":true,"href":"https:\/\/jms.com.bo\/mediamonitor\/wp-json\/wp\/v2\/media\/60638"}],"wp:attachment":[{"href":"https:\/\/jms.com.bo\/mediamonitor\/wp-json\/wp\/v2\/media?parent=60637"}],"wp:term":[{"taxonomy":"category","embeddable":true,"href":"https:\/\/jms.com.bo\/mediamonitor\/wp-json\/wp\/v2\/categories?post=60637"},{"taxonomy":"post_tag","embeddable":true,"href":"https:\/\/jms.com.bo\/mediamonitor\/wp-json\/wp\/v2\/tags?post=60637"}],"curies":[{"name":"wp","href":"https:\/\/api.w.org\/{rel}","templated":true}]}}