{"id":60641,"date":"2023-11-06T06:36:44","date_gmt":"2023-11-06T10:36:44","guid":{"rendered":"https:\/\/jms.com.bo\/mediamonitor\/2023\/11\/06\/mi-teleferico-traslado-casi-500-millones-de-pasajeros-en-10-anos\/"},"modified":"2023-11-06T06:36:44","modified_gmt":"2023-11-06T10:36:44","slug":"mi-teleferico-traslado-casi-500-millones-de-pasajeros-en-10-anos","status":"publish","type":"post","link":"https:\/\/jms.com.bo\/mediamonitor\/2023\/11\/06\/mi-teleferico-traslado-casi-500-millones-de-pasajeros-en-10-anos\/","title":{"rendered":"Mi Telef\u00e9rico traslad\u00f3 casi 500 millones de pasajeros en 10 a\u00f1os"},"content":{"rendered":"<p style=\"text-align: justify;\">En casi 10 a\u00f1os, desde mayo de 2014, cuando comenz\u00f3 a operar la Empresa Estatal de Transporte por Cable \u2013 Mi Telef\u00e9rico, hasta octubre de 2023, m\u00e1s de 494 millones de pasajeros fueron transportados en sus 10 l\u00edneas que operan en La Paz y El Alto y entre ambas urbes.<\/p>\n<p style=\"text-align: justify;\">El gerente Ejecutivo de la Empresa Estatal de Transporte por Cable \u2013 Mi Telef\u00e9rico, Alejandro Gonzales Blacutt, a trav\u00e9s de un cuestionario enviado por\u00a0LA RAZ\u00d3N, inform\u00f3 que desde el inicio de operaciones el 30 de mayo de 2014 hasta el 3 de noviembre de 2023, \u201cse transportaron m\u00e1s de 494 millones de personas\u201d.<\/p>\n<p style=\"text-align: justify;\">Mi Telef\u00e9rico est\u00e1 encargada de la administraci\u00f3n del sistema de transporte por Cable urbano que une las ciudades de La Paz y El Alto, cuenta con 10 l\u00edneas de las que tres unen ambas ciudades, las otras conectan diferentes zonas como Miraflores, Centro y el Sur de La Paz. Tambi\u00e9n tiene una l\u00ednea tur\u00edstica Virgen del Socav\u00f3n en la capital de Oruro.<\/p>\n<p style=\"text-align: justify;\">El telef\u00e9rico fue inaugurado e inici\u00f3 sus operaciones el 30 de mayo de 2014. La primera l\u00ednea en funcionar fue la Roja que une la exestaci\u00f3n de trenes en la avenida Manco Kapac de la ciudad de La Paz con la avenida Panor\u00e1mica en la zona 16 de Julio de la ciudad de El Alto. Existe una parada intermedia en la avenida Ente R\u00edos en la zona del Cementerio General.<\/p>\n<p class=\"wp-block-image size-large\" style=\"text-align: justify;\"><img loading=\"lazy\" decoding=\"async\" class=\"wp-image-867798\" src=\"https:\/\/www.la-razon.com\/wp-content\/uploads\/2023\/11\/05\/04\/rutas-teleferico-1024x538.jpg\" sizes=\"auto, (max-width: 1024px) 100vw, 1024px\" srcset=\"https:\/\/www.la-razon.com\/wp-content\/uploads\/2023\/11\/05\/04\/rutas-teleferico-1024x538.jpg 1024w, https:\/\/www.la-razon.com\/wp-content\/uploads\/2023\/11\/05\/04\/rutas-teleferico-300x158.jpg 300w, https:\/\/www.la-razon.com\/wp-content\/uploads\/2023\/11\/05\/04\/rutas-teleferico-768x403.jpg 768w, https:\/\/www.la-razon.com\/wp-content\/uploads\/2023\/11\/05\/04\/rutas-teleferico.jpg 1200w\" alt=\"\" width=\"1024\" height=\"538\" \/><\/p>\n<p style=\"text-align: justify;\">A partir del 15 de septiembre de 2014 comenz\u00f3 a operar la L\u00ednea Amarilla, la segunda de Mi Telef\u00e9rico que une Ciudad Sat\u00e9lite (El Alto) con la zona Sur (La Paz). Parte de la Curva de Holgu\u00edn (La Paz) y llega a Ciudad Sat\u00e9lite (El Alto). Cuenta con dos paradas intermedias, la primera en la zona de Sopocachi y la segunda en la avenida Buenos Aires (zona de Cotahuma).<\/p>\n<p style=\"text-align: justify;\">La tercera l\u00ednea se inaugur\u00f3 el 4 de diciembre de 2014, se trata de la Verde que se une con la Amarilla en la Estaci\u00f3n Libertador. Permite el traslado desde Irpavi (zona Sur de La Paz) hasta la Curva de Holgu\u00edn, con dos estaciones intermedias en Alto Obrajes y la calle 17 de la zona de Obrajes.<\/p>\n<p style=\"text-align: justify;\">RUTAS.<\/p>\n<p style=\"text-align: justify;\">Para dar una mayor cobertura, Mi Telef\u00e9rico ampli\u00f3 otras rutas en las ciudades de La Paz y El Alto. El 26 de enero de 2015 se promulg\u00f3 la ley que permiti\u00f3 la construcci\u00f3n de siete nuevas l\u00edneas en ambas urbes.<\/p>\n<p style=\"text-align: justify;\">La L\u00ednea Azul parte en la zona 16 de Julio (El Alto), se dirige hacia la zona Chacaltaya, luego hasta la Universidad P\u00fablica de El Alto y termina en la zona de R\u00edo Seco.<\/p>\n<p style=\"text-align: justify;\">La L\u00ednea Naranja parte de la Estaci\u00f3n Central de La Paz, pasa por la Avenida Armentia en las cercan\u00edas de la Plaza Riosinho hasta la avenida Perif\u00e9rica y concluye en la Plaza Villarroel.<\/p>\n<p style=\"text-align: justify;\">La L\u00ednea Blanca parte desde la Plaza Villarroel, pasa por el monumento Busch, Plaza Triangular, hasta la Avenida del Poeta donde se conecta con la L\u00ednea Celeste.<\/p>\n<p style=\"text-align: justify;\">La L\u00ednea Celeste tiene inicio en la Curva de Holgu\u00edn, pasando por la Avenida del Poeta con una conexi\u00f3n directa a la Avenida Arce, conectando la estaci\u00f3n con la L\u00ednea Blanca y cruzando el Parque Urbano Central hasta culminar en la calle Bueno (zona Central).<\/p>\n<p class=\"wp-block-image size-large\" style=\"text-align: justify;\"><img loading=\"lazy\" decoding=\"async\" class=\"wp-image-867800\" src=\"https:\/\/www.la-razon.com\/wp-content\/uploads\/2023\/11\/05\/04\/10rutas-teleferico-1024x538.jpg\" sizes=\"auto, (max-width: 1024px) 100vw, 1024px\" srcset=\"https:\/\/www.la-razon.com\/wp-content\/uploads\/2023\/11\/05\/04\/10rutas-teleferico-1024x538.jpg 1024w, https:\/\/www.la-razon.com\/wp-content\/uploads\/2023\/11\/05\/04\/10rutas-teleferico-300x158.jpg 300w, https:\/\/www.la-razon.com\/wp-content\/uploads\/2023\/11\/05\/04\/10rutas-teleferico-768x403.jpg 768w, https:\/\/www.la-razon.com\/wp-content\/uploads\/2023\/11\/05\/04\/10rutas-teleferico.jpg 1200w\" alt=\"\" width=\"1024\" height=\"538\" \/><\/p>\n<p style=\"text-align: justify;\">La L\u00ednea Morada empieza en la avenida 6 de Marzo, llega hasta el Faro Murillo (El Alto) y termina en las cercan\u00edas de la avenida Mariscal Santa Cruz (La Paz).<\/p>\n<p style=\"text-align: justify;\">La L\u00ednea Caf\u00e9, la m\u00e1s corta de la red, parte de la estaci\u00f3n Busch donde se conecta con la L\u00ednea Blanca y llega hasta la zona de Villa San Antonio y Villa Copacabana.<\/p>\n<p style=\"text-align: justify;\">Por \u00faltimo, la l\u00ednea Plateada une tres estaciones de las l\u00edneas Amarilla, Morada y Roja, todas en la ciudad de El Alto.<\/p>\n<p style=\"text-align: justify;\">BENEFICIOS.<\/p>\n<p style=\"text-align: justify;\">Gonzales afirm\u00f3 que Mi Telef\u00e9rico es una red interconectada de transporte por cable, por lo que el servicio que ofrece a la poblaci\u00f3n es rentable. Adem\u00e1s, otorga varios beneficios como ser: la tarifa preferencial de Bs 1,50 para ni\u00f1os y j\u00f3venes hasta los 25 a\u00f1os; tarifa preferencial de Bs 1,50 para adultos mayores; y tarifa preferencial de Bs 1,50 para personas con discapacidad.<\/p>\n<p style=\"text-align: justify;\">La Empresa Mi Telef\u00e9rico prev\u00e9 superar los 500 millones de pasajeros transportados en sus 10 l\u00edneas hasta finales de este a\u00f1o, respondi\u00f3 Gonzales a este peri\u00f3dico a trav\u00e9s de un cuestionario.<\/p>\n<p class=\"wp-block-image size-large\" style=\"text-align: justify;\"><img loading=\"lazy\" decoding=\"async\" class=\"wp-image-867797\" src=\"https:\/\/www.la-razon.com\/wp-content\/uploads\/2023\/11\/05\/04\/teleferico-azul-1024x538.jpg\" sizes=\"auto, (max-width: 1024px) 100vw, 1024px\" srcset=\"https:\/\/www.la-razon.com\/wp-content\/uploads\/2023\/11\/05\/04\/teleferico-azul-1024x538.jpg 1024w, https:\/\/www.la-razon.com\/wp-content\/uploads\/2023\/11\/05\/04\/teleferico-azul-300x158.jpg 300w, https:\/\/www.la-razon.com\/wp-content\/uploads\/2023\/11\/05\/04\/teleferico-azul-768x403.jpg 768w, https:\/\/www.la-razon.com\/wp-content\/uploads\/2023\/11\/05\/04\/teleferico-azul.jpg 1200w\" alt=\"\" width=\"1024\" height=\"538\" \/>El Cruce de Villas donde comienza la L\u00ednea Caf\u00e9 y llega hasta la zona de Miraflores.<\/p>\n<p style=\"text-align: justify;\">\u00a0Segunda fase de la L\u00ednea Caf\u00e9 ya est\u00e1 en marcha<\/p>\n<p style=\"text-align: justify;\">Para tener una mayor cobertura del servicio del transporte por cable, la Empresa Estatal de Transporte por Cable \u2013 Mi\u00a0<a href=\"https:\/\/www.miteleferico.bo\/\" target=\"_blank\" rel=\"noreferrer noopener\">Telef\u00e9rico<\/a>\u00a0puso en marcha el proyecto de la la construcci\u00f3n de la segunda fase de la L\u00ednea Caf\u00e9 en la zona Este de la ciudad de La Paz, que conectar\u00e1 la zona de Miraflores con la de Pampahasi.<\/p>\n<p style=\"text-align: justify;\">La L\u00ednea Caf\u00e9 fue inaugurada el 20 de diciembre de 2018, parte de la estaci\u00f3n Busch (Miraflores) donde se conecta con la L\u00ednea Blanca y llega hasta la zona de Villa San Antonio y Villa Copacabana (Cruce de Villas). Ahora, la cobertura se extender\u00e1 hasta la zona de Pampahasi.<\/p>\n<p style=\"text-align: justify;\">El gerente Ejecutivo de Mi Telef\u00e9rico, Alejandro Gonzales, inform\u00f3 que el presidente Luis Arce ya dio prioridad a la ampliaci\u00f3n de la L\u00ednea Caf\u00e9, como un regalo para la familia pace\u00f1a y boliviana en general.<\/p>\n<p style=\"text-align: justify;\">\u201cYa est\u00e1 en marcha la ampliaci\u00f3n de la segunda secci\u00f3n de la L\u00ednea Caf\u00e9, que comprende la Estaci\u00f3n Cruce de Villas \u2013 Estaci\u00f3n Pampahasi. Este proyecto conectar\u00e1 a la ladera Este (Macro distrito San Antonio) con Miraflores y el centro de la ciudad (de La Paz) a trav\u00e9s del sistema de transporte por cable\u201d, respondi\u00f3 el funcionario a un cuestionario enviado por\u00a0LA RAZ\u00d3N.<\/p>\n<p class=\"wp-block-image size-large\" style=\"text-align: justify;\"><img loading=\"lazy\" decoding=\"async\" class=\"wp-image-867796\" src=\"https:\/\/www.la-razon.com\/wp-content\/uploads\/2023\/11\/05\/04\/teleferico-amarillo-1024x538.jpg\" sizes=\"auto, (max-width: 1024px) 100vw, 1024px\" srcset=\"https:\/\/www.la-razon.com\/wp-content\/uploads\/2023\/11\/05\/04\/teleferico-amarillo-1024x538.jpg 1024w, https:\/\/www.la-razon.com\/wp-content\/uploads\/2023\/11\/05\/04\/teleferico-amarillo-300x158.jpg 300w, https:\/\/www.la-razon.com\/wp-content\/uploads\/2023\/11\/05\/04\/teleferico-amarillo-768x403.jpg 768w, https:\/\/www.la-razon.com\/wp-content\/uploads\/2023\/11\/05\/04\/teleferico-amarillo.jpg 1200w\" alt=\"\" width=\"1024\" height=\"538\" \/>El PumaKatari se conecta con la L\u00ednea Amarilla.<\/p>\n<p style=\"text-align: justify;\">De acuerdo con los datos de Mi Telef\u00e9rico, el proyecto de ampliaci\u00f3n de la L\u00ednea Caf\u00e9 tendr\u00e1 una extensi\u00f3n de m\u00e1s de un kil\u00f3metro y se ejecutar\u00e1 con un cr\u00e9dito internacional.<\/p>\n<p style=\"text-align: justify;\">\u201cJustamente ahora priorizamos esfuerzos para la puesta de marcha del proyecto de ampliaci\u00f3n de la segunda secci\u00f3n de la L\u00ednea Caf\u00e9 de 1,2 km, que comprende la Estaci\u00f3n Cruce de Villas \u2013 Estaci\u00f3n Pampahasi\u201d, a\u00f1adi\u00f3.<\/p>\n<p style=\"text-align: justify;\">Ya el 15 de julio de este a\u00f1o, el presidente Luis Arce anunci\u00f3 la ampliaci\u00f3n de la L\u00ednea Caf\u00e9. \u201cToda la zona de Samapa, Alto y Bajo Pampahasi de nuestra ciudad de La Paz estar\u00e1n conectados con la zona de Miraflores a trav\u00e9s de un r\u00e1pido transporte como es el telef\u00e9rico\u201d, anunci\u00f3 en la sesi\u00f3n de honor por los 214 a\u00f1os de la gesta libertaria de La Paz.<\/p>\n<p style=\"text-align: justify;\">El tramo de la L\u00ednea Caf\u00e9 es considerado el m\u00e1s corto. El recorrido es de 714,49 metros. Cuenta con 26 cabinas, siete torres y tiene una capacidad de transporte de 3.000 pasajeros por hora. Por ser una ruta corta, el pasaje es de Bs 1,50.<\/p>\n<p style=\"text-align: justify;\">Gonzales sostuvo que luego de la Emergencia Sanitaria por la pandemia del COVID-19, la empresa Mi Telef\u00e9rico empez\u00f3 nuevamente a recobrar estabilidad financiera, al igual que otras empresas privadas y p\u00fablicas a nivel mundial, afectadas por la crisis.<\/p>\n<p style=\"text-align: justify;\">\u201cEncaminados a fortalecer la econom\u00eda de la empresa, en esta gesti\u00f3n 2023 logramos aportar Bs 200.000 al bono Juancito Pinto, adem\u00e1s de garantizar todos los mantenimientos programados en las 10 l\u00edneas pace\u00f1as\u201d, indic\u00f3.<\/p>\n<p class=\"wp-block-image size-large\" style=\"text-align: justify;\"><img loading=\"lazy\" decoding=\"async\" class=\"wp-image-867795\" src=\"https:\/\/www.la-razon.com\/wp-content\/uploads\/2023\/11\/05\/04\/teleferico-miraflores-1024x538.jpg\" sizes=\"auto, (max-width: 1024px) 100vw, 1024px\" srcset=\"https:\/\/www.la-razon.com\/wp-content\/uploads\/2023\/11\/05\/04\/teleferico-miraflores-1024x538.jpg 1024w, https:\/\/www.la-razon.com\/wp-content\/uploads\/2023\/11\/05\/04\/teleferico-miraflores-300x158.jpg 300w, https:\/\/www.la-razon.com\/wp-content\/uploads\/2023\/11\/05\/04\/teleferico-miraflores-768x403.jpg 768w, https:\/\/www.la-razon.com\/wp-content\/uploads\/2023\/11\/05\/04\/teleferico-miraflores.jpg 1200w\" alt=\"\" width=\"1024\" height=\"538\" \/>La L\u00ednea Blanca en la zona de Miraflores.<\/p>\n<p style=\"text-align: justify;\">\u00a0La longitud de telef\u00e9ricos La Paz-El Alto es de 30,5 km<\/p>\n<p style=\"text-align: justify;\">La red de telef\u00e9ricos entre las ciudades de La Paz y El Alto es una de las m\u00e1s largas que existen en el mundo, recorre 30,5 kil\u00f3metros (km) entre sus 10 l\u00edneas que unen diferentes zonas de ambas urbes.<\/p>\n<p style=\"text-align: justify;\">Seg\u00fan una nota del diario ABC de Espa\u00f1a, publicado en junio de 2022, la red de telef\u00e9ricos de Bolivia fue inscrita en el libro Guinness de los R\u00e9cords.<\/p>\n<p style=\"text-align: justify;\">De acuerdo con la publicaci\u00f3n, otro de los m\u00e1s destacados telef\u00e9ricos son el de Londres, en la peninsula de Greenwich que une con el muelle Royal Victoria.<\/p>\n<p style=\"text-align: justify;\">Otro es el de Toulouse, Francia, que tiene una longitud de tres km. Luego est\u00e1 el de Medell\u00edn, Colombia, que tiene una extensi\u00f3n total de 15 km. El de Madrid, Espa\u00f1a, tambi\u00e9n es uno de los m\u00e1s relevantes que existe en el mundo. Tiene una longitud de 2,4 km.<\/p>\n<p style=\"text-align: justify;\">Seg\u00fan el sitio web publications.iadb.org\/, en la \u00faltima d\u00e9cada, muchas ciudades en el mundo han construido redes de telef\u00e9rico, entre ellas Portland, Oregon (EEUU.); Isla Roosevelt, NY (EEUU); Medell\u00edn (Colombia); Caracas (Venezuela); Hong Kong; Lagos (Nigeria); Constantina (Argelia); R\u00edo de Janeiro (Brasil); Koblenz (Alemania); Maokong (Taiw\u00e1n) y La Paz- El Alto (Bolivia).<\/p>\n","protected":false},"excerpt":{"rendered":"<p>En casi 10 a\u00f1os, desde mayo de 2014, cuando comenz\u00f3 a operar la Empresa Estatal de Transporte por Cable \u2013 Mi Telef\u00e9rico, hasta octubre de 2023, m\u00e1s de 494 millones de pasajeros fueron transportados en sus 10 l\u00edneas que operan en La Paz y El Alto y entre ambas urbes. El gerente Ejecutivo de la [&hellip;]<\/p>\n","protected":false},"author":4,"featured_media":60642,"comment_status":"open","ping_status":"closed","sticky":false,"template":"","format":"standard","meta":{"footnotes":""},"categories":[20],"tags":[],"class_list":{"0":"post-60641","1":"post","2":"type-post","3":"status-publish","4":"format-standard","5":"has-post-thumbnail","7":"category-actualidad"},"_links":{"self":[{"href":"https:\/\/jms.com.bo\/mediamonitor\/wp-json\/wp\/v2\/posts\/60641","targetHints":{"allow":["GET"]}}],"collection":[{"href":"https:\/\/jms.com.bo\/mediamonitor\/wp-json\/wp\/v2\/posts"}],"about":[{"href":"https:\/\/jms.com.bo\/mediamonitor\/wp-json\/wp\/v2\/types\/post"}],"author":[{"embeddable":true,"href":"https:\/\/jms.com.bo\/mediamonitor\/wp-json\/wp\/v2\/users\/4"}],"replies":[{"embeddable":true,"href":"https:\/\/jms.com.bo\/mediamonitor\/wp-json\/wp\/v2\/comments?post=60641"}],"version-history":[{"count":0,"href":"https:\/\/jms.com.bo\/mediamonitor\/wp-json\/wp\/v2\/posts\/60641\/revisions"}],"wp:featuredmedia":[{"embeddable":true,"href":"https:\/\/jms.com.bo\/mediamonitor\/wp-json\/wp\/v2\/media\/60642"}],"wp:attachment":[{"href":"https:\/\/jms.com.bo\/mediamonitor\/wp-json\/wp\/v2\/media?parent=60641"}],"wp:term":[{"taxonomy":"category","embeddable":true,"href":"https:\/\/jms.com.bo\/mediamonitor\/wp-json\/wp\/v2\/categories?post=60641"},{"taxonomy":"post_tag","embeddable":true,"href":"https:\/\/jms.com.bo\/mediamonitor\/wp-json\/wp\/v2\/tags?post=60641"}],"curies":[{"name":"wp","href":"https:\/\/api.w.org\/{rel}","templated":true}]}}