{"id":60643,"date":"2023-11-06T06:38:15","date_gmt":"2023-11-06T10:38:15","guid":{"rendered":"https:\/\/jms.com.bo\/mediamonitor\/2023\/11\/06\/en-bolivia-hay-75-conflictos-por-limites-territoriales\/"},"modified":"2023-11-06T06:38:15","modified_gmt":"2023-11-06T10:38:15","slug":"en-bolivia-hay-75-conflictos-por-limites-territoriales","status":"publish","type":"post","link":"https:\/\/jms.com.bo\/mediamonitor\/2023\/11\/06\/en-bolivia-hay-75-conflictos-por-limites-territoriales\/","title":{"rendered":"En Bolivia hay 75 conflictos por l\u00edmites territoriales"},"content":{"rendered":"<p style=\"text-align: justify;\">El pa\u00eds registra 75 conflictos de l\u00edmites entre municipios y departamentos, que deber\u00e1n ser resueltos a trav\u00e9s del Tribunal Supremo de Justicia (TSJ) o de refer\u00e9ndums, si acaso no hay acuerdo de conciliaci\u00f3n, seg\u00fan el Viceministerio de Autonom\u00edas.<\/p>\n<p style=\"text-align: justify;\">Los datos fueron proporcionados por el viceministro del \u00e1rea, \u00c1lvaro Ruiz, quien precis\u00f3 que, \u201cde las 75 disputas\u201d, \u201cpoco m\u00e1s de 20\u201d son por l\u00edmites departamentales y 50 son l\u00edos entre los municipios.<\/p>\n<p style=\"text-align: justify;\">La autoridad aclar\u00f3 que esos conflictos deben seguir un proceso administrativo y en el caso de que no haya acuerdo entre municipios, \u201cestos firmar\u00e1n un acta que indica que no hay acuerdo\u201d.<\/p>\n<p style=\"text-align: justify;\">\u201cLas gobernaciones nos har\u00e1n llegar el acta al Viceministerio de Autonom\u00edas y nosotros remitiremos esa (misma) acta a la Asamblea Plurinacional para que se genere una ley que autorice que los municipios que est\u00e1n en conflicto y que no tienen un acuerdo vayan a un refer\u00e9ndum\u201d, mencion\u00f3 Ruiz.<\/p>\n<p style=\"text-align: justify;\">Acot\u00f3 que la poblaci\u00f3n de ese \u201cpol\u00edgono en conflicto\u201d ir\u00e1 a un refer\u00e9ndum y en las urnas decidir\u00e1 si pertenece a un municipio A o se integra al municipio B.<\/p>\n<p style=\"text-align: justify;\">En el caso de los conflictos de l\u00edmites entre departamentos, se\u00f1al\u00f3 Ruiz, si no existe acuerdos de conciliaci\u00f3n, \u00e9stos van al TSJ. Empero, como entidad conciliadora, remitir\u00e1 tambi\u00e9n la informaci\u00f3n a la Asamblea Plurinacional y \u201cellos elaborar\u00e1n el proyecto de ley\u201d y el documento ir\u00e1 al \u00d3rgano Judicial, explic\u00f3 el funcionario.<\/p>\n<p style=\"text-align: justify;\">En el caso de La Paz, en los \u00faltimos dos a\u00f1os, la cobertura de l\u00edmites definidos alcanz\u00f3 el 45% entre municipios; sin embargo, se tiene pendiente la delimitaci\u00f3n en algunos tramos en los l\u00edmites con los municipios de El Alto, Mecapaca, Achocalla y Palca, entre otras jurisdicciones vecinas.<\/p>\n<p style=\"text-align: justify;\">Mart\u00edn La Mar, director de Organizaci\u00f3n Territorial del Viceministerio de Autonom\u00edas, se\u00f1al\u00f3, a modo de ejemplo, que actualmente existen conflictos de l\u00edmites entre los municipios de La Paz y Palca. Este \u00faltimo inici\u00f3 el proceso de regulaci\u00f3n con la Ley 2150.<\/p>\n<p style=\"text-align: justify;\">\u201cEsa ley antiqu\u00edsima, lastimosamente defin\u00eda que ten\u00edan que ponerse de acuerdo en todo el 100 por ciento de l\u00edmites. Despu\u00e9s de aprobada nuestra Constituci\u00f3n Pol\u00edtica del Estado (2009) y la Ley 339 (2013), que es la ley en vigencia de l\u00edmites actualmente, (indica) que esos procesos con la antigua ley deben archivarse y activarse con la actual ley que permite ponerse de acuerdo entre tramos. Si divides todo el l\u00edmite entre La Paz y Palca, en esos tramos hay comunidades que est\u00e1n de acuerdo, eso se firma en actas y se avanza. Donde no se avanza, tambi\u00e9n se firma actas de desacuerdo y \u00e9stas van a refer\u00e9ndum. \u00c9sa es una salida\u201d, dio como ejemplo en\u00a0LA RAZ\u00d3N\u00a0Radio.<\/p>\n<p style=\"text-align: justify;\">Acot\u00f3 que el problema en el municipio de La Paz persiste debido a que \u201cno hubo una voluntad\u201d de los exalcaldes, raz\u00f3n por lo que no puede \u201carchivar el proceso\u201d y el conflicto sigue vigente.<\/p>\n<p style=\"text-align: justify;\">\u201cHay un conflicto complejo, si bien no nos ha tra\u00eddo pugnas entre personas, en lo administrativo s\u00ed complica\u201d, se\u00f1al\u00f3 el funcionario.<\/p>\n<p style=\"text-align: justify;\">No solo en La Paz es donde est\u00e1n pendientes 12 procesos de conciliaci\u00f3n de l\u00edmites, en Cochabamba est\u00e1n en curso 17 de estos tr\u00e1mites, en Santa Cruz 13, en Oruro ocho, Chuquisaca cuatro, Potos\u00ed 12 y en Tarija nueve procesos.<\/p>\n<p style=\"text-align: justify;\">En el \u00e1mbito nacional, probablemente el conflicto de l\u00edmites m\u00e1s relevante sea el que hay entre La Paz y Oruro. Pese a que estas regiones presentan fronteras definidas que separan Colquiri de Caracollo, el conflicto es en el cant\u00f3n Panduro. \u201cNo todos son conflictos de l\u00edmites, hay diferentes niveles de conflictividad. Por ejemplo, hay conflictos de pertenencia. Hay una ley definida entre La Paz y Oruro, en el cant\u00f3n Panduro que es un conflicto eterno. (En ese caso), gente de La Paz quiere ser orure\u00f1a y ah\u00ed hay un problema porque los exalcaldes de Caracollo (Oruro) han destinado recursos en la comunidad de Lequepampa. Es decir, han cometido delito, malversaci\u00f3n de recursos porque hay l\u00edmites precisos y esta gente quiere ser orure\u00f1a, pero tambi\u00e9n quiere llevarse el territorio m\u00e1s. No es un conflicto de l\u00edmite, porque eso est\u00e1 preciso y la ley lo ha definido\u201d, mencion\u00f3.<\/p>\n<p style=\"text-align: justify;\">El Viceministro de Autonom\u00edas aclar\u00f3 que los conflictos de l\u00edmites municipales y departamentales representan solo el 5%. Indic\u00f3 que desde 2021 se plante\u00f3 en avanzar en los l\u00edmites naturales sin conflicto y a la fecha se tiene una cobertura del 71% de l\u00edmites saneados a nivel nacional.<\/p>\n<p style=\"text-align: justify;\">\u201cFalta el 29%, pero ese no quiere decir que ese total est\u00e1 en conflicto. Yo calculo (que) el conflicto no debe llegar ni al 5% (75 disputas de l\u00edmites) porque no son tramos tan grandes y estos est\u00e1n en proceso de conciliaci\u00f3n como proceso administrativo\u201d, manifest\u00f3.<\/p>\n<p style=\"text-align: justify;\">\u00a0El pa\u00eds alcanz\u00f3 el 71% de l\u00edmites saneados<\/p>\n<p style=\"text-align: justify;\">La cobertura de l\u00edmites saneados intermunicipales alcanz\u00f3 el 70% y entre departamentos lleg\u00f3 al 71%, de acuerdo con los datos del Viceministerio de Autonom\u00edas.<\/p>\n<p style=\"text-align: justify;\">El viceministro del \u00e1rea, \u00c1lvaro Ruiz, inform\u00f3 que en los dos a\u00f1os \u00faltimos a\u00f1os, la cobertura de l\u00edmites entre municipios avanz\u00f3 del 30% al 70% y entre departamentos del 29% al 71%.<\/p>\n<p style=\"text-align: justify;\">La autoridad mencion\u00f3 que como Gobierno se plante\u00f3 avanzar en los l\u00edmites naturales o arcifinios sin conflicto, respondiendo de esta manera al problema lim\u00edtrofe que por muchos a\u00f1os viv\u00eda el pa\u00eds y que gener\u00f3 conflictos.<\/p>\n<p style=\"text-align: justify;\">\u201cEstos l\u00edmites (naturales) pueden ser cerros, r\u00edos y quebradas que han permitido identificar entre los municipios y entre los departamentos, por eso es un avance considerable. La Ley 339 tiene m\u00e1s de 10 a\u00f1os de vigencia; sin embargo, el avance no pas\u00f3 del 29% en los l\u00edmites departamentales y en los l\u00edmites municipales el 30%. (La norma) establece la voluntad democr\u00e1tica de los municipios y de los gobiernos departamentales (para solucionar sus conflictos), sin descuidar que a esto acompa\u00f1a la voluntad de las autoridades org\u00e1nicas y de la poblaci\u00f3n de ese lugar\u201d.<\/p>\n<p style=\"text-align: justify;\">Agreg\u00f3 que se lleg\u00f3 a acuerdos con la firma de actas de los municipios interesados as\u00ed como de los gobiernos departamentales, lo cual benefici\u00f3 a 163 municipios y a los nueve departamentos.<\/p>\n<p style=\"text-align: justify;\">Entre los l\u00edmites interdepartamentales, Pando pas\u00f3 de tener del 0% de l\u00edmites definidos en 2021, al 93% acordado en lo que va de esta gesti\u00f3n. Tarija le sigue a Pando. Este departamento pas\u00f3 de tener el 8% de l\u00edmites definidos al 54%.<\/p>\n<p style=\"text-align: justify;\">En esa l\u00ednea, Beni que ten\u00eda 0% de l\u00edmites acordados ahora presenta un avance del 35%. Chuquisaca luego de tener el 6% alcanz\u00f3 el 31%; en Oruro, del 6% subi\u00f3 al 43%; en La Paz, del 29% lleg\u00f3 al 45%; en Potos\u00ed, del 7% alcanz\u00f3 al 50% de avance; en Cochabamba, del 14% al 38%, y finalmente, en Santa Cruz, del 23% al 26%.<\/p>\n<div class=\"wp-block-image\">\n<p class=\"aligncenter size-large\" style=\"text-align: justify;\"><img loading=\"lazy\" decoding=\"async\" class=\"wp-image-867805 entered lazyloaded\" src=\"https:\/\/www.la-razon.com\/wp-content\/uploads\/2023\/11\/05\/04\/grafica-1-852x1024.jpg\" sizes=\"auto, (max-width: 852px) 100vw, 852px\" srcset=\"https:\/\/www.la-razon.com\/wp-content\/uploads\/2023\/11\/05\/04\/grafica-1-852x1024.jpg 852w, https:\/\/www.la-razon.com\/wp-content\/uploads\/2023\/11\/05\/04\/grafica-1-249x300.jpg 249w, https:\/\/www.la-razon.com\/wp-content\/uploads\/2023\/11\/05\/04\/grafica-1-768x924.jpg 768w, https:\/\/www.la-razon.com\/wp-content\/uploads\/2023\/11\/05\/04\/grafica-1-1277x1536.jpg 1277w, https:\/\/www.la-razon.com\/wp-content\/uploads\/2023\/11\/05\/04\/grafica-1-1703x2048.jpg 1703w, https:\/\/www.la-razon.com\/wp-content\/uploads\/2023\/11\/05\/04\/grafica-1-1200x1443.jpg 1200w\" alt=\"\" width=\"852\" height=\"1024\" data-lazy-srcset=\"https:\/\/www.la-razon.com\/wp-content\/uploads\/2023\/11\/05\/04\/grafica-1-852x1024.jpg 852w, https:\/\/www.la-razon.com\/wp-content\/uploads\/2023\/11\/05\/04\/grafica-1-249x300.jpg 249w, https:\/\/www.la-razon.com\/wp-content\/uploads\/2023\/11\/05\/04\/grafica-1-768x924.jpg 768w, https:\/\/www.la-razon.com\/wp-content\/uploads\/2023\/11\/05\/04\/grafica-1-1277x1536.jpg 1277w, https:\/\/www.la-razon.com\/wp-content\/uploads\/2023\/11\/05\/04\/grafica-1-1703x2048.jpg 1703w, https:\/\/www.la-razon.com\/wp-content\/uploads\/2023\/11\/05\/04\/grafica-1-1200x1443.jpg 1200w\" data-lazy-sizes=\"(max-width: 852px) 100vw, 852px\" data-lazy-src=\"https:\/\/www.la-razon.com\/wp-content\/uploads\/2023\/11\/05\/04\/grafica-1-852x1024.jpg\" data-ll-status=\"loaded\" \/><\/p>\n<\/div>\n","protected":false},"excerpt":{"rendered":"<p>El pa\u00eds registra 75 conflictos de l\u00edmites entre municipios y departamentos, que deber\u00e1n ser resueltos a trav\u00e9s del Tribunal Supremo de Justicia (TSJ) o de refer\u00e9ndums, si acaso no hay acuerdo de conciliaci\u00f3n, seg\u00fan el Viceministerio de Autonom\u00edas. Los datos fueron proporcionados por el viceministro del \u00e1rea, \u00c1lvaro Ruiz, quien precis\u00f3 que, \u201cde las 75 [&hellip;]<\/p>\n","protected":false},"author":4,"featured_media":60644,"comment_status":"open","ping_status":"closed","sticky":false,"template":"","format":"standard","meta":{"footnotes":""},"categories":[20,47,48],"tags":[],"class_list":{"0":"post-60643","1":"post","2":"type-post","3":"status-publish","4":"format-standard","5":"has-post-thumbnail","7":"category-actualidad","8":"category-portada-actualidad","9":"category-portada-general-sitio"},"_links":{"self":[{"href":"https:\/\/jms.com.bo\/mediamonitor\/wp-json\/wp\/v2\/posts\/60643","targetHints":{"allow":["GET"]}}],"collection":[{"href":"https:\/\/jms.com.bo\/mediamonitor\/wp-json\/wp\/v2\/posts"}],"about":[{"href":"https:\/\/jms.com.bo\/mediamonitor\/wp-json\/wp\/v2\/types\/post"}],"author":[{"embeddable":true,"href":"https:\/\/jms.com.bo\/mediamonitor\/wp-json\/wp\/v2\/users\/4"}],"replies":[{"embeddable":true,"href":"https:\/\/jms.com.bo\/mediamonitor\/wp-json\/wp\/v2\/comments?post=60643"}],"version-history":[{"count":0,"href":"https:\/\/jms.com.bo\/mediamonitor\/wp-json\/wp\/v2\/posts\/60643\/revisions"}],"wp:featuredmedia":[{"embeddable":true,"href":"https:\/\/jms.com.bo\/mediamonitor\/wp-json\/wp\/v2\/media\/60644"}],"wp:attachment":[{"href":"https:\/\/jms.com.bo\/mediamonitor\/wp-json\/wp\/v2\/media?parent=60643"}],"wp:term":[{"taxonomy":"category","embeddable":true,"href":"https:\/\/jms.com.bo\/mediamonitor\/wp-json\/wp\/v2\/categories?post=60643"},{"taxonomy":"post_tag","embeddable":true,"href":"https:\/\/jms.com.bo\/mediamonitor\/wp-json\/wp\/v2\/tags?post=60643"}],"curies":[{"name":"wp","href":"https:\/\/api.w.org\/{rel}","templated":true}]}}