{"id":60647,"date":"2023-11-07T06:59:59","date_gmt":"2023-11-07T10:59:59","guid":{"rendered":"https:\/\/jms.com.bo\/mediamonitor\/2023\/11\/06\/evo-dice-que-el-pais-vive-de-creditos-pero-no-paga-las-deudas-de-ypfb-para-el-suministro-de-combustible\/"},"modified":"2023-11-07T07:00:16","modified_gmt":"2023-11-07T11:00:16","slug":"evo-dice-que-el-pais-vive-de-creditos-pero-no-paga-las-deudas-de-ypfb-para-el-suministro-de-combustible-2","status":"publish","type":"post","link":"https:\/\/jms.com.bo\/mediamonitor\/2023\/11\/07\/evo-dice-que-el-pais-vive-de-creditos-pero-no-paga-las-deudas-de-ypfb-para-el-suministro-de-combustible-2\/","title":{"rendered":"Evo dice que el pa\u00eds vive de cr\u00e9ditos pero no paga las deudas de YPFB para el suministro de combustible"},"content":{"rendered":"<p style=\"text-align: justify;\">Cada d\u00eda el expresidente Evo Morales deja en claro su distanciamiento con el Gobierno del actual presidente, Luis Arce Catacora. Mediante su cuenta de X (antes Twitter) Morales volvi\u00f3 a cuestionar la gesti\u00f3n y critic\u00f3 el problema de abastecimiento de combustibles que se observa en el pa\u00eds desde hace una semana, problema que el Poder Ejecutivo ha minimizado.<\/p>\n<p style=\"text-align: justify;\">\u201cLamento mucho, nos hemos convertido en un pa\u00eds que vive de cr\u00e9ditos, endeudando a las futuras generaciones, pero no paga las deudas de YPFB para el suministro de combustible\u201d, se\u00f1al\u00f3 Morales en su post.<\/p>\n<p style=\"text-align: justify;\">Luego arremeti\u00f3 contra el actual presidente de YPFB, a quien acus\u00f3 no estar en el pa\u00eds cuando se presenta un problema importante. Adem\u00e1s, hizo notar las diferentes versiones que han dado desde el Gobierno para explicar el problema en el suministro de carburantes.<\/p>\n<p style=\"text-align: justify;\">\u201cMientras el presidente de YPFB est\u00e1 paseando en EEUU, los transportistas se perjudican por la falta de distribuci\u00f3n de di\u00e9sel. Luego llega a Bolivia y contradice a la ANH, le echa culpa al BCB y a los ministerios de Econom\u00eda y de Hidrocarburos\u201d, dijo el l\u00edder del MAS.<\/p>\n<p style=\"text-align: justify;\">Luego asegura que el actual gobierno est\u00e1 usando todas las herramientas a su mano para perseguir a los dirigentes del MAS. \u201cNo hay Estado para resolver los problemas urgentes del pueblo, solo para perseguir a los dirigentes del MAS-IPSP y tratar de proscribirnos e inhabilitarnos\u201d, asegur\u00f3.<\/p>\n<p style=\"text-align: justify;\">ANH culpa a los medios<\/p>\n<p style=\"text-align: justify;\">Mientras tanto, desde la Agencia Nacional de Hidrocarburos, volvieron a culpar a los medios de comunicaci\u00f3n de los problemas de abastecimiento. \u201cHa habido especulaciones de que no se est\u00e1 cumpliendo, eso es falso. Se ha cumplido\u201d, se\u00f1al\u00f3 este domingo el director ejecutivo de la ANH, Germ\u00e1n Jim\u00e9nez.<\/p>\n<p style=\"text-align: justify;\">Jim\u00e9nez explic\u00f3 que el pa\u00eds consume a diario entre 7 y 7,5 millones de litros de di\u00e9sel y otros 7 millones de litros de gasolina; sin embargo, se aument\u00f3 esos vol\u00famenes en los despachos durante los \u00faltimos d\u00edas a causa de las especulaciones.<\/p>\n<p style=\"text-align: justify;\">Bolivia produce el 25% del di\u00e9sel que consume y el 65% de la gasolina que demanda, a trav\u00e9s de las refiner\u00edas Gualberto Villarroel, Guillermo Elder Bell y Oro Negro, adem\u00e1s de las plantas separadoras de l\u00edquidos.<\/p>\n<p style=\"text-align: justify;\">Anteriormente, el presidente de Yacimientos y el Ministro de Hidrocarburos, usaron el mismo argumento, pero despu\u00e9s admitieron que hab\u00eda deudas con algunos de sus proveedores.<\/p>\n","protected":false},"excerpt":{"rendered":"<p>Cada d\u00eda el expresidente Evo Morales deja en claro su distanciamiento con el Gobierno del actual presidente, Luis Arce Catacora. Mediante su cuenta de X (antes Twitter) Morales volvi\u00f3 a cuestionar la gesti\u00f3n y critic\u00f3 el problema de abastecimiento de combustibles que se observa en el pa\u00eds desde hace una semana, problema que el Poder [&hellip;]<\/p>\n","protected":false},"author":4,"featured_media":60697,"comment_status":"open","ping_status":"closed","sticky":false,"template":"","format":"standard","meta":{"footnotes":""},"categories":[18],"tags":[],"class_list":{"0":"post-60647","1":"post","2":"type-post","3":"status-publish","4":"format-standard","5":"has-post-thumbnail","7":"category-politica"},"_links":{"self":[{"href":"https:\/\/jms.com.bo\/mediamonitor\/wp-json\/wp\/v2\/posts\/60647","targetHints":{"allow":["GET"]}}],"collection":[{"href":"https:\/\/jms.com.bo\/mediamonitor\/wp-json\/wp\/v2\/posts"}],"about":[{"href":"https:\/\/jms.com.bo\/mediamonitor\/wp-json\/wp\/v2\/types\/post"}],"author":[{"embeddable":true,"href":"https:\/\/jms.com.bo\/mediamonitor\/wp-json\/wp\/v2\/users\/4"}],"replies":[{"embeddable":true,"href":"https:\/\/jms.com.bo\/mediamonitor\/wp-json\/wp\/v2\/comments?post=60647"}],"version-history":[{"count":1,"href":"https:\/\/jms.com.bo\/mediamonitor\/wp-json\/wp\/v2\/posts\/60647\/revisions"}],"predecessor-version":[{"id":60696,"href":"https:\/\/jms.com.bo\/mediamonitor\/wp-json\/wp\/v2\/posts\/60647\/revisions\/60696"}],"wp:featuredmedia":[{"embeddable":true,"href":"https:\/\/jms.com.bo\/mediamonitor\/wp-json\/wp\/v2\/media\/60697"}],"wp:attachment":[{"href":"https:\/\/jms.com.bo\/mediamonitor\/wp-json\/wp\/v2\/media?parent=60647"}],"wp:term":[{"taxonomy":"category","embeddable":true,"href":"https:\/\/jms.com.bo\/mediamonitor\/wp-json\/wp\/v2\/categories?post=60647"},{"taxonomy":"post_tag","embeddable":true,"href":"https:\/\/jms.com.bo\/mediamonitor\/wp-json\/wp\/v2\/tags?post=60647"}],"curies":[{"name":"wp","href":"https:\/\/api.w.org\/{rel}","templated":true}]}}