{"id":60649,"date":"2023-11-06T06:43:09","date_gmt":"2023-11-06T10:43:09","guid":{"rendered":"https:\/\/jms.com.bo\/mediamonitor\/2023\/11\/06\/el-presidente-dara-el-miercoles-un-informe-ante-la-asamblea-por-sus-tres-anos-de-gestion\/"},"modified":"2023-11-06T06:43:09","modified_gmt":"2023-11-06T10:43:09","slug":"el-presidente-dara-el-miercoles-un-informe-ante-la-asamblea-por-sus-tres-anos-de-gestion","status":"publish","type":"post","link":"https:\/\/jms.com.bo\/mediamonitor\/2023\/11\/06\/el-presidente-dara-el-miercoles-un-informe-ante-la-asamblea-por-sus-tres-anos-de-gestion\/","title":{"rendered":"El Presidente dar\u00e1 el mi\u00e9rcoles un informe ante la Asamblea por sus tres a\u00f1os de gesti\u00f3n"},"content":{"rendered":"<p style=\"text-align: justify;\">La viceministra de Comunicaci\u00f3n, Gabriela Alc\u00f3n, inform\u00f3 este viernes que el presidente Luis Arce alista su informe de tres a\u00f1os de gesti\u00f3n, que ser\u00e1 presentando el mi\u00e9rcoles 8 ante la Asamblea Legislativa.<\/p>\n<p style=\"text-align: justify;\">\u201cEste informe tiene que ver con lo que ha significado esta gesti\u00f3n, el trabajo en las \u00e1reas y en los distintos ministerios. Tenemos 17 carteras de Estado que vienen llevando una gesti\u00f3n para los nueve departamentos en todo el pa\u00eds en el \u00e1rea social, econ\u00f3mica, en lo que se refiere por ejemplo al \u00e1rea cultural, relaciones exteriores, en fin, todo ese trabajo que se viene desarrollando (y) que est\u00e1 siendo sistematizado para que pueda estar remitido y tambi\u00e9n llevado a la Asamblea Legislativa, como corresponde\u201d, dijo Alc\u00f3n.<\/p>\n<p style=\"text-align: justify;\">La autoridad pidi\u00f3 a los sectores cr\u00edticos a la administraci\u00f3n de Arce a abrirse al debate y a un escenario de discusi\u00f3n sobre pol\u00edticas p\u00fablicas, gesti\u00f3n y normativas, y demand\u00f3 \u201cno generar un espect\u00e1culo\u201d.<\/p>\n<p style=\"text-align: justify;\">\u201cLa poblaci\u00f3n tiene que conocer qu\u00e9 se ha realizado, c\u00f3mo se est\u00e1 trabajando para que pueda tener tambi\u00e9n su evaluaci\u00f3n del trabajo que se lleva adelante desde el Gobierno central. (El) Presidente merece respeto y las autoridades tambi\u00e9n tienen que mostrar ese respeto hacia la poblaci\u00f3n\u201d.<\/p>\n<p style=\"text-align: justify;\">La ma\u00f1ana de este viernes, el diputado Patricio Mendoza, del Movimiento Al Socialismo (MAS), del ala evista, af\u00edn al expresidente y jefe del partido, Evo Morales, advirti\u00f3 que el mandatario recibir\u00e1 abucheos en su informe porque, seg\u00fan su criterio, no hay una buena gesti\u00f3n de gobierno y la econom\u00eda.<\/p>\n<p style=\"text-align: justify;\">\u201cLo dice nuestro reglamento y la Constituci\u00f3n (Pol\u00edtica del Estado), \u00e9l (Arce) tiene que brindar su informe cada a\u00f1o que termina. No se puede prohibir, pero como est\u00e1 la situaci\u00f3n ahora, van a haber muchos abucheos contra \u00e9l\u201d.<\/p>\n<p style=\"text-align: justify;\">La viceministra reiter\u00f3 que a la poblaci\u00f3n no le gusta ese tipo de espect\u00e1culo, que adem\u00e1s \u201chace quedar mal no solo al momento de la situaci\u00f3n de la Asamblea\u201d, sino al pa\u00eds.<\/p>\n<p style=\"text-align: justify;\">\u201cCreo que podemos recapacitar en ese sentido y en todo caso hagamos debate, an\u00e1lisis de discusiones, pero de pol\u00edticas p\u00fablicas, de gesti\u00f3n de trabajo, de normativas (sobre) c\u00f3mo mejoramos y qu\u00e9 propuestas tienen\u201d.<\/p>\n<p style=\"text-align: justify;\">Arce asumi\u00f3 el tim\u00f3n del pa\u00eds el 8 de noviembre de 2020, tras ganar las elecciones con el 55% de la votaci\u00f3n. As\u00ed, qued\u00f3 atr\u00e1s el mandato transitorio de Jeanine \u00c1\u00f1ez. El informe presidencial se llevar\u00e1 a cabo en medio de una divisi\u00f3n en el MAS, con dos bloques: los arcistas y los evistas.<\/p>\n","protected":false},"excerpt":{"rendered":"<p>La viceministra de Comunicaci\u00f3n, Gabriela Alc\u00f3n, inform\u00f3 este viernes que el presidente Luis Arce alista su informe de tres a\u00f1os de gesti\u00f3n, que ser\u00e1 presentando el mi\u00e9rcoles 8 ante la Asamblea Legislativa. \u201cEste informe tiene que ver con lo que ha significado esta gesti\u00f3n, el trabajo en las \u00e1reas y en los distintos ministerios. Tenemos [&hellip;]<\/p>\n","protected":false},"author":4,"featured_media":60650,"comment_status":"open","ping_status":"closed","sticky":false,"template":"","format":"standard","meta":{"footnotes":""},"categories":[18,48,46],"tags":[],"class_list":{"0":"post-60649","1":"post","2":"type-post","3":"status-publish","4":"format-standard","5":"has-post-thumbnail","7":"category-politica","8":"category-portada-general-sitio","9":"category-portada-politica"},"_links":{"self":[{"href":"https:\/\/jms.com.bo\/mediamonitor\/wp-json\/wp\/v2\/posts\/60649","targetHints":{"allow":["GET"]}}],"collection":[{"href":"https:\/\/jms.com.bo\/mediamonitor\/wp-json\/wp\/v2\/posts"}],"about":[{"href":"https:\/\/jms.com.bo\/mediamonitor\/wp-json\/wp\/v2\/types\/post"}],"author":[{"embeddable":true,"href":"https:\/\/jms.com.bo\/mediamonitor\/wp-json\/wp\/v2\/users\/4"}],"replies":[{"embeddable":true,"href":"https:\/\/jms.com.bo\/mediamonitor\/wp-json\/wp\/v2\/comments?post=60649"}],"version-history":[{"count":0,"href":"https:\/\/jms.com.bo\/mediamonitor\/wp-json\/wp\/v2\/posts\/60649\/revisions"}],"wp:featuredmedia":[{"embeddable":true,"href":"https:\/\/jms.com.bo\/mediamonitor\/wp-json\/wp\/v2\/media\/60650"}],"wp:attachment":[{"href":"https:\/\/jms.com.bo\/mediamonitor\/wp-json\/wp\/v2\/media?parent=60649"}],"wp:term":[{"taxonomy":"category","embeddable":true,"href":"https:\/\/jms.com.bo\/mediamonitor\/wp-json\/wp\/v2\/categories?post=60649"},{"taxonomy":"post_tag","embeddable":true,"href":"https:\/\/jms.com.bo\/mediamonitor\/wp-json\/wp\/v2\/tags?post=60649"}],"curies":[{"name":"wp","href":"https:\/\/api.w.org\/{rel}","templated":true}]}}