{"id":60698,"date":"2023-11-07T07:01:26","date_gmt":"2023-11-07T11:01:26","guid":{"rendered":"https:\/\/jms.com.bo\/mediamonitor\/2023\/11\/07\/rodriguez-es-reelegido-presidente-de-la-camara-de-senadores-pide-unidad-en-torno-a-propuestas\/"},"modified":"2023-11-07T07:01:26","modified_gmt":"2023-11-07T11:01:26","slug":"rodriguez-es-reelegido-presidente-de-la-camara-de-senadores-pide-unidad-en-torno-a-propuestas","status":"publish","type":"post","link":"https:\/\/jms.com.bo\/mediamonitor\/2023\/11\/07\/rodriguez-es-reelegido-presidente-de-la-camara-de-senadores-pide-unidad-en-torno-a-propuestas\/","title":{"rendered":"Rodr\u00edguez es reelegido presidente de la C\u00e1mara de Senadores; pide \u2018unidad en torno a propuestas\u2019"},"content":{"rendered":"<p style=\"text-align: justify;\">Andr\u00f3nico Rodr\u00edguez fue reelecto por tercera vez como presidente de la C\u00e1mara de Senadores. Fue elegido por 26 de los 36 votos de los miembros de la instancia legislativa.<\/p>\n<p style=\"text-align: justify;\">El mandato de Rodr\u00edguez, del ala evista, es para la legislatura 2023-2024. La madrugada de este martes tom\u00f3 juramento tras una pulseta librada con el bloque del arcismo.<\/p>\n<p style=\"text-align: justify;\">El nombramiento se resolvi\u00f3 \u201cin extremis\u201d, ya que este martes acababa el plazo para la definici\u00f3n de la directiva en la C\u00e1mara Alta.<\/p>\n<p style=\"text-align: justify;\">La postulaci\u00f3n de Ana Mar\u00eda Castillo y su plancha, del bloque arcista, no fue considerada, lo cual provoc\u00f3 que Castillo advierta a Rodr\u00edguez con una \u201cacci\u00f3n de incumplimiento\u201d.<\/p>\n<p style=\"text-align: justify;\">Este mi\u00e9rcoles comienza la nueva legislatura, en una sesi\u00f3n convocada por el presidente nato de la Asamblea, David Choquehuanca, en la que se llevar\u00e1 a cabo el informe del presidente Luis Arce, por sus tres a\u00f1os de gesti\u00f3n.<\/p>\n<p style=\"text-align: justify;\">Rodr\u00edguez agradeci\u00f3 el apoyo brindado a su postulaci\u00f3n y se\u00f1al\u00f3 que se apunta a mejorar lo realizado en sus anteriores gestiones. \u201cInvito a que generemos unidad en torno a proyectos, propuestas\u201d. Y pidi\u00f3 encaminar una agenda com\u00fan entre las fuerzas del oficialismo y la oposici\u00f3n.<\/p>\n","protected":false},"excerpt":{"rendered":"<p>Andr\u00f3nico Rodr\u00edguez fue reelecto por tercera vez como presidente de la C\u00e1mara de Senadores. Fue elegido por 26 de los 36 votos de los miembros de la instancia legislativa. El mandato de Rodr\u00edguez, del ala evista, es para la legislatura 2023-2024. La madrugada de este martes tom\u00f3 juramento tras una pulseta librada con el bloque [&hellip;]<\/p>\n","protected":false},"author":4,"featured_media":60699,"comment_status":"open","ping_status":"closed","sticky":false,"template":"","format":"standard","meta":{"footnotes":""},"categories":[18,48,46],"tags":[],"class_list":{"0":"post-60698","1":"post","2":"type-post","3":"status-publish","4":"format-standard","5":"has-post-thumbnail","7":"category-politica","8":"category-portada-general-sitio","9":"category-portada-politica"},"_links":{"self":[{"href":"https:\/\/jms.com.bo\/mediamonitor\/wp-json\/wp\/v2\/posts\/60698","targetHints":{"allow":["GET"]}}],"collection":[{"href":"https:\/\/jms.com.bo\/mediamonitor\/wp-json\/wp\/v2\/posts"}],"about":[{"href":"https:\/\/jms.com.bo\/mediamonitor\/wp-json\/wp\/v2\/types\/post"}],"author":[{"embeddable":true,"href":"https:\/\/jms.com.bo\/mediamonitor\/wp-json\/wp\/v2\/users\/4"}],"replies":[{"embeddable":true,"href":"https:\/\/jms.com.bo\/mediamonitor\/wp-json\/wp\/v2\/comments?post=60698"}],"version-history":[{"count":0,"href":"https:\/\/jms.com.bo\/mediamonitor\/wp-json\/wp\/v2\/posts\/60698\/revisions"}],"wp:featuredmedia":[{"embeddable":true,"href":"https:\/\/jms.com.bo\/mediamonitor\/wp-json\/wp\/v2\/media\/60699"}],"wp:attachment":[{"href":"https:\/\/jms.com.bo\/mediamonitor\/wp-json\/wp\/v2\/media?parent=60698"}],"wp:term":[{"taxonomy":"category","embeddable":true,"href":"https:\/\/jms.com.bo\/mediamonitor\/wp-json\/wp\/v2\/categories?post=60698"},{"taxonomy":"post_tag","embeddable":true,"href":"https:\/\/jms.com.bo\/mediamonitor\/wp-json\/wp\/v2\/tags?post=60698"}],"curies":[{"name":"wp","href":"https:\/\/api.w.org\/{rel}","templated":true}]}}