{"id":60700,"date":"2023-11-07T07:05:31","date_gmt":"2023-11-07T11:05:31","guid":{"rendered":"https:\/\/jms.com.bo\/mediamonitor\/2023\/11\/07\/europa-y-estados-unidos-buscan-alianzas-con-paises-latinoamericanos\/"},"modified":"2023-11-07T07:05:31","modified_gmt":"2023-11-07T11:05:31","slug":"europa-y-estados-unidos-buscan-alianzas-con-paises-latinoamericanos","status":"publish","type":"post","link":"https:\/\/jms.com.bo\/mediamonitor\/2023\/11\/07\/europa-y-estados-unidos-buscan-alianzas-con-paises-latinoamericanos\/","title":{"rendered":"Europa y Estados Unidos buscan alianzas con pa\u00edses latinoamericanos"},"content":{"rendered":"<p style=\"text-align: justify;\">Hace unos meses, los representantes de pa\u00edses europeos se reunieron con sus similares de Am\u00e9rica Latina y el Caribe, en las que fueron anunciadas inversiones de m\u00e1s de 40.000 millones de d\u00f3lares en proyectos de infraestructura y medioambientales. Chile, Colombia, entre otros, ya tienen proyectos y recientemente el presidente de Estados Unidos plante\u00f3 la Alianza para la Prosperidad Econ\u00f3mica en las Am\u00e9ricas (APEP), a varios pa\u00edses. Fundaci\u00f3n Milenio sostiene que Bolivia no debe aislarse, sino aprovechar las oportunidades.<\/p>\n<p style=\"text-align: justify;\">Inversiones<\/p>\n<p style=\"text-align: justify;\">En septiembre, los ministros de Econom\u00eda y Finanzas de la Uni\u00f3n Europea y de los pa\u00edses de la Comunidad de Estados Latinoamericanos y el Caribe (CELAC) acordaron en Santiago de Compostela, Espa\u00f1a, la necesidad de impulsar la Agenda de Inversiones Global Gateway de la UE, aprobada en la Cumbre UE-CELAC del pasado mes de julio, donde se anunciaron inversiones p\u00fablico-privadas de 45.000 millones de euros en energ\u00eda, transporte, infraestructuras, digitalizaci\u00f3n, salud, educaci\u00f3n e investigaci\u00f3n, entre otros.<\/p>\n<p style=\"text-align: justify;\">La UE ha identificado 136 proyectos de inversi\u00f3n en Am\u00e9rica Latina y el Caribe. De este listado, CAF -banco de desarrollo de Am\u00e9rica Latina y el Caribe- tiene 70 iniciativas nacionales y regionales que contribuir\u00e1n a reducir la pobreza y la desigualdad, impulsar la transici\u00f3n verde y justa y la transformaci\u00f3n digital.<\/p>\n<p style=\"text-align: justify;\">Entre esos proyectos est\u00e1n el de llevar conectividad al 85% de los colombianos para el 2026, la producci\u00f3n de hidr\u00f3geno en Chile y Uruguay, la movilidad sostenible en San Jos\u00e9, Quito, Bogot\u00e1, Montevideo y Sao Paulo, la masificaci\u00f3n de la energ\u00eda renovable en Jamaica y proyectos de agua y saneamiento para combatir la malnutrici\u00f3n infantil cr\u00f3nica en todo Ecuador, entre otros.<\/p>\n<p style=\"text-align: justify;\">Estados Unidos<\/p>\n<p style=\"text-align: justify;\">Mientras tanto, la semana pasada, ante l\u00edderes de 11 pa\u00edses, el presidente de Estados Unidos, Joe Biden, se comprometi\u00f3 a fomentar los bonos verdes y facilitar la inversi\u00f3n de miles de millones de d\u00f3lares en Am\u00e9rica Latina para que pueda \u00abelegir\u00bb entre Estados Unidos y \u00abla trampa de la deuda\u00bb China, seg\u00fan el portal https:\/\/www.swissinfo.ch\/.<\/p>\n<p style=\"text-align: justify;\">El presidente estadounidense acogi\u00f3 en la Casa Blanca a los mandatarios de Chile, Colombia, Costa Rica, Ecuador, Per\u00fa, Rep\u00fablica Dominicana, Uruguay, Canad\u00e1 y Barbados, y a los ministros de Relaciones Exteriores de M\u00e9xico y Panam\u00e1 para la primera cumbre de la Alianza para la Prosperidad Econ\u00f3mica en las Am\u00e9ricas (APEP), de la que todos forman parte.<\/p>\n<p style=\"text-align: justify;\">\u00abEstados Unidos ya es, con diferencia, la mayor fuente de inversi\u00f3n en Am\u00e9rica Latina y el Caribe, y vamos a asegurarnos de que nuestros vecinos m\u00e1s pr\u00f3ximos sepan que pueden elegir entre la diplomacia de la trampa de la deuda y enfoques transparentes de alta calidad para las infraestructuras y el desarrollo\u00bb, afirm\u00f3 Biden.<\/p>\n<p style=\"text-align: justify;\">Para contrarrestar la creciente influencia de Pek\u00edn, Biden anunci\u00f3 que \u00abla Corporaci\u00f3n Internacional Financiera de Desarrollo de Estados Unidos y el Banco Interamericano de Desarrollo (BID) lanzan una nueva plataforma de inversi\u00f3n para destinar miles de millones de d\u00f3lares a la construcci\u00f3n de infraestructura sostenible\u00bb en Am\u00e9rica, se\u00f1ala el medio digital.<\/p>\n<p style=\"text-align: justify;\">Bolivia<\/p>\n<p style=\"text-align: justify;\">Al respecto, el director Ejecutivo de la Fundaci\u00f3n Milenio, Henry Oporto, afirm\u00f3 que Bolivia no debe autoexcluirse de la iniciativa de integraci\u00f3n econ\u00f3mica hemisf\u00e9rica m\u00e1s importante en varias d\u00e9cadas, acordada por once pa\u00edses del continente.<\/p>\n<p style=\"text-align: justify;\">\u201cQuedar fuera del APEP es desaprovechar una ocasi\u00f3n \u00fanica para impulsar nuestras exportaciones a Norteam\u00e9rica y a otros mercados din\u00e1micos de la regi\u00f3n, adem\u00e1s de privarnos de inversiones extranjeras para expandir y diversificar la producci\u00f3n de alimentos, minerales, energ\u00edas y otras manufacturas y servicios tecnol\u00f3gicos, as\u00ed como del financiamiento que estar\u00e1 disponibles a trav\u00e9s de la agencias del gobierno estadounidense y del (Banco Interamericano de Desarrollo (BID) para proyectos de infraestructuras y desarrollo social\u201d, sentenci\u00f3.<\/p>\n<p style=\"text-align: justify;\">Oporto subray\u00f3 la importancia de las cinco prioridades adoptadas en la declaraci\u00f3n de los jefes de Estado en la Cumbre del d\u00eda 3 de noviembre en Washington: i) fortalecer la competitividad e integraci\u00f3n regional, ii) fomentar la prosperidad compartida y la buena gobernanza, iii) construir infraestructura sostenible, iv) proteger el clima y el medioambiente y v) promover comunidades saludables.<\/p>\n<p style=\"text-align: justify;\">\u201cEstos objetivos apuntan a hacer de la APEP una gran plataforma hemisf\u00e9rica para que los pa\u00edses puedan afrontar juntos los retos comunes en materia de infraestructura, medioambiente, tecnolog\u00eda, generaci\u00f3n de empleo e inclusi\u00f3n social\u201d, asever\u00f3.<\/p>\n<p style=\"text-align: justify;\">Aprender de la experiencia<\/p>\n<p style=\"text-align: justify;\">La declaraci\u00f3n de la Cumbre de la APEP expresa el inter\u00e9s de sus l\u00edderes de acoger a otros pa\u00edses que a\u00fan no se han incorporado a esta Alianza. Al respecto, Oporto sugiere al presidente Luis Arce tomar acciones inmediatas para incorporar a Bolivia en la APEP.<\/p>\n<p style=\"text-align: justify;\">\u201cNo hacerlo ser\u00eda contrario al inter\u00e9s nacional. No es admisible que por razones ideol\u00f3gicas se deje escapar la oportunidad de que vuestro pa\u00eds reciba las inversiones que necesita para remontar el estancamiento econ\u00f3mico actual y resolver la escasez de divisas\u201d, agreg\u00f3.<\/p>\n<p style=\"text-align: justify;\">Oporto record\u00f3 los enormes perjuicios que para Bolivia signific\u00f3 perder el acceso preferencial al mercado de Estados Unidos a trav\u00e9s del Atpdea, principalmente para las exportaciones textiles y otras manufacturas nacionales en los a\u00f1os 2000.<\/p>\n<p style=\"text-align: justify;\">Deuda<\/p>\n<p style=\"text-align: justify;\">En marzo de la presente gesti\u00f3n, este medio public\u00f3 informaci\u00f3n de la bbc.com, en base a datos del Centro de estudios Di\u00e1logo Interamericano, Datos 2020, en donde Bolivia se encuentra dentro de los cinco pa\u00edses de Sudam\u00e9rica m\u00e1s endeudados con el pa\u00eds asi\u00e1tico, con 3.400 millones de d\u00f3lares.<\/p>\n<p style=\"text-align: justify;\">Venezuela lidera el ranking con 62.200 millones de d\u00f3lares, Brasil 29.700 millones, Ecuador 18.400 millones, Argentina 17.100 millones, Bolivia 3.400 millones y M\u00e9xico 1.000 millones, seg\u00fan el portal de bbc.com.<\/p>\n<p style=\"text-align: justify;\">De acuerdo a bbc.com, China ha estado detr\u00e1s de grandes proyectos de construcci\u00f3n y desarrollo en la regi\u00f3n, proporcionando m\u00e1s de 136 mil millones de d\u00f3lares en cr\u00e9dito, especialmente a pa\u00edses como Venezuela, Brasil, Ecuador, Argentina y Bolivia, seg\u00fan estimaciones de Di\u00e1logo Interamericano.<\/p>\n","protected":false},"excerpt":{"rendered":"<p>Hace unos meses, los representantes de pa\u00edses europeos se reunieron con sus similares de Am\u00e9rica Latina y el Caribe, en las que fueron anunciadas inversiones de m\u00e1s de 40.000 millones de d\u00f3lares en proyectos de infraestructura y medioambientales. Chile, Colombia, entre otros, ya tienen proyectos y recientemente el presidente de Estados Unidos plante\u00f3 la Alianza [&hellip;]<\/p>\n","protected":false},"author":4,"featured_media":60701,"comment_status":"open","ping_status":"closed","sticky":false,"template":"","format":"standard","meta":{"footnotes":""},"categories":[25],"tags":[],"class_list":{"0":"post-60700","1":"post","2":"type-post","3":"status-publish","4":"format-standard","5":"has-post-thumbnail","7":"category-economia"},"_links":{"self":[{"href":"https:\/\/jms.com.bo\/mediamonitor\/wp-json\/wp\/v2\/posts\/60700","targetHints":{"allow":["GET"]}}],"collection":[{"href":"https:\/\/jms.com.bo\/mediamonitor\/wp-json\/wp\/v2\/posts"}],"about":[{"href":"https:\/\/jms.com.bo\/mediamonitor\/wp-json\/wp\/v2\/types\/post"}],"author":[{"embeddable":true,"href":"https:\/\/jms.com.bo\/mediamonitor\/wp-json\/wp\/v2\/users\/4"}],"replies":[{"embeddable":true,"href":"https:\/\/jms.com.bo\/mediamonitor\/wp-json\/wp\/v2\/comments?post=60700"}],"version-history":[{"count":0,"href":"https:\/\/jms.com.bo\/mediamonitor\/wp-json\/wp\/v2\/posts\/60700\/revisions"}],"wp:featuredmedia":[{"embeddable":true,"href":"https:\/\/jms.com.bo\/mediamonitor\/wp-json\/wp\/v2\/media\/60701"}],"wp:attachment":[{"href":"https:\/\/jms.com.bo\/mediamonitor\/wp-json\/wp\/v2\/media?parent=60700"}],"wp:term":[{"taxonomy":"category","embeddable":true,"href":"https:\/\/jms.com.bo\/mediamonitor\/wp-json\/wp\/v2\/categories?post=60700"},{"taxonomy":"post_tag","embeddable":true,"href":"https:\/\/jms.com.bo\/mediamonitor\/wp-json\/wp\/v2\/tags?post=60700"}],"curies":[{"name":"wp","href":"https:\/\/api.w.org\/{rel}","templated":true}]}}