{"id":60704,"date":"2023-11-07T07:12:19","date_gmt":"2023-11-07T11:12:19","guid":{"rendered":"https:\/\/jms.com.bo\/mediamonitor\/2023\/11\/07\/la-falta-de-dolares-y-diesel-marcan-el-tercer-ano-de-gestion-de-arce\/"},"modified":"2023-11-07T07:12:19","modified_gmt":"2023-11-07T11:12:19","slug":"la-falta-de-dolares-y-diesel-marcan-el-tercer-ano-de-gestion-de-arce","status":"publish","type":"post","link":"https:\/\/jms.com.bo\/mediamonitor\/2023\/11\/07\/la-falta-de-dolares-y-diesel-marcan-el-tercer-ano-de-gestion-de-arce\/","title":{"rendered":"La falta de d\u00f3lares y di\u00e9sel marcan el tercer a\u00f1o de gesti\u00f3n de Arce"},"content":{"rendered":"<p style=\"text-align: justify;\">El 8 de noviembre se cumplen tres a\u00f1os del mandato presidencial de Luis Arce. Desde Tarija algunas organizaciones sociales respaldan la gesti\u00f3n gubernamental, sin embargo, tambi\u00e9n surgen cr\u00edticas por la situaci\u00f3n econ\u00f3mica del pa\u00eds, los elementos en cuesti\u00f3n son la falta de d\u00f3lares y la escasez de di\u00e9sel que se ha reportado en estos \u00faltimos d\u00edas. Refutan el discurso de \u201creactivaci\u00f3n econ\u00f3mica\u201d que maneja el nivel central.<\/p>\n<p style=\"text-align: justify;\">Otro de los elementos que no pasa desapercibido es la pugna de poderes que lleva Arce y Evo Morales por el control del Movimiento al Socialismo (MAS), la cual advierten est\u00e1 influyendo negativamente en la gesti\u00f3n del Gobierno nacional.<\/p>\n<p style=\"text-align: justify;\">La COD y los campesinos<\/p>\n<p style=\"text-align: justify;\">Si bien desde la Central Obrera Boliviana (COB) han ratificado su respaldo a la gesti\u00f3n de Arce y se han alineado con el mandatario en esta lucha interna del MAS, desde Tarija, la Central Obrera Departamental (COD), siguiendo los pasos de su ente matriz, valida el trabajo que realiza Arce y David Choquehuanca, al menos, as\u00ed lo deja ver su dirigente Roberto Le\u00f3n.<\/p>\n<p style=\"text-align: justify;\">De estos tres a\u00f1os de gesti\u00f3n de Arce, Le\u00f3n destaca las inversiones en plantas industrializadoras que se han hecho en el departamento de Tarija, como la de alimento balanceado en San Lorenzo, la Planta Pisc\u00edcola del Chaco y la de Aceite Vegetal de Macoror\u00f3 en el Chaco, entre otras, que a su parecer representar\u00e1 la generaci\u00f3n de nuevas fuentes de empleo.<\/p>\n<p style=\"text-align: justify;\">\u201cHemos visto buenas propuestas, buenos proyectos, pero obviamente falta de algunos ministerios que no se est\u00e1n haciendo sentir, son m\u00e1s de 60 viceministros y hay muchos que no conocemos, en el tema hidrocarbur\u00edfero tenemos un ministro que no conocemos, cuando es de aqu\u00ed del departamento de donde salen los recursos\u201d, refiri\u00f3.<\/p>\n<p style=\"text-align: justify;\">El secretario general de la Federaci\u00f3n Sindical \u00danica de Comunidades Campesinas (FSUCCT), Andr\u00e9s Meriles, destac\u00f3 que en estos tres a\u00f1os el presidente Arce ha ejecutado un trabajo para recomponer la econom\u00eda nacional, que ha quedado \u201cdevastada\u201d por el gobierno de Jeanine A\u00f1ez.<\/p>\n<p style=\"text-align: justify;\">\u201cNosotros como FSUCCT y cabeza del Pacto de Unidad evaluamos como una buena gesti\u00f3n, porque de alguna manera se est\u00e1 recuperando la econom\u00eda a nivel nacional y esperamos que pronto se d\u00e9 la industrializaci\u00f3n del litio, con lo que va a crecer en gran magnitud nuestra econom\u00eda nacional\u201d, dijo.<\/p>\n<p style=\"text-align: justify;\">Escasez de d\u00f3lares y di\u00e9sel<\/p>\n<p style=\"text-align: justify;\">Meriles responsabiliz\u00f3 a la \u201cderecha\u201d por la escasez de d\u00f3lares, argument\u00f3 que hubo una corriente de desinformaci\u00f3n que se\u00f1alaba que se estaban terminando los d\u00f3lares, lo que ha volcado a la poblaci\u00f3n a las entidades financieras, congestionando los bancos.<\/p>\n<p style=\"text-align: justify;\">En lo que respecta la falta de combustible, se limit\u00f3 a decir que en Tarija no hubo la falta de di\u00e9sel.<\/p>\n<p style=\"text-align: justify;\">A su turno, Le\u00f3n se\u00f1al\u00f3 que la escasez de d\u00f3lares y de di\u00e9sel ha sido producto del \u201cp\u00e1nico\u201d en la poblaci\u00f3n, que temporalmente a elevado la demanda. Sobre el caso de los carburantes, carg\u00f3 responsabilidad al Ministerio de Hidrocarburos por no efectuar un trabajo planificado.<\/p>\n<p style=\"text-align: justify;\">Pelea del MAS<\/p>\n<p style=\"text-align: justify;\">El dirigente campesino considera que esta pugna que se est\u00e1 dando en filas del partido azul, obedece a \u201cintereses mezquinos\u201d del expresidente Morales, que no quiere soltar el poder. Reconoci\u00f3 que en su debido momento ha marcado un liderazgo nacional y hecho gestiones en el pa\u00eds, pero que ahora est\u00e1 perjudicando el gobierno de Arce.<\/p>\n<p style=\"text-align: justify;\">Le\u00f3n, por su parte, enfatiz\u00f3 que como COD rechazan las posturas \u201ccalculadoras y criminales\u201d de parlamentarios del ala evista, que desde la C\u00e1mara de Diputados y Senadores se han dedicado a truncar la gesti\u00f3n de Arce.<\/p>\n<p style=\"text-align: justify;\">Inversiones en Tarija<\/p>\n<p style=\"text-align: justify;\">El presidente de la Asociaci\u00f3n de Municipios de Tarija (AMT), Williams Guerrero, quien hab\u00eda esquivado fijar postura en la pugna que sostiene Evo con Arce, el pasado lunes en conferencia de prensa sali\u00f3 a expresar su respaldo al Presidente, enfatizando que gracias al apoyo del Gobierno Nacional se han invertido 500 millones de bolivianos en las provincias.<\/p>\n<p style=\"text-align: justify;\">\u201cLo m\u00e1s importante es que casi todos esos proyectos han sido financiados al 100% por nuestro Gobierno Nacional. (\u2026) Manifestar que nosotros como municipios estamos apoyando la gesti\u00f3n de nuestro presidente Luis Arce y David Choquehuanca\u201d, manifest\u00f3.<\/p>\n","protected":false},"excerpt":{"rendered":"<p>El 8 de noviembre se cumplen tres a\u00f1os del mandato presidencial de Luis Arce. Desde Tarija algunas organizaciones sociales respaldan la gesti\u00f3n gubernamental, sin embargo, tambi\u00e9n surgen cr\u00edticas por la situaci\u00f3n econ\u00f3mica del pa\u00eds, los elementos en cuesti\u00f3n son la falta de d\u00f3lares y la escasez de di\u00e9sel que se ha reportado en estos \u00faltimos [&hellip;]<\/p>\n","protected":false},"author":4,"featured_media":60705,"comment_status":"open","ping_status":"closed","sticky":false,"template":"","format":"standard","meta":{"footnotes":""},"categories":[25],"tags":[],"class_list":{"0":"post-60704","1":"post","2":"type-post","3":"status-publish","4":"format-standard","5":"has-post-thumbnail","7":"category-economia"},"_links":{"self":[{"href":"https:\/\/jms.com.bo\/mediamonitor\/wp-json\/wp\/v2\/posts\/60704","targetHints":{"allow":["GET"]}}],"collection":[{"href":"https:\/\/jms.com.bo\/mediamonitor\/wp-json\/wp\/v2\/posts"}],"about":[{"href":"https:\/\/jms.com.bo\/mediamonitor\/wp-json\/wp\/v2\/types\/post"}],"author":[{"embeddable":true,"href":"https:\/\/jms.com.bo\/mediamonitor\/wp-json\/wp\/v2\/users\/4"}],"replies":[{"embeddable":true,"href":"https:\/\/jms.com.bo\/mediamonitor\/wp-json\/wp\/v2\/comments?post=60704"}],"version-history":[{"count":0,"href":"https:\/\/jms.com.bo\/mediamonitor\/wp-json\/wp\/v2\/posts\/60704\/revisions"}],"wp:featuredmedia":[{"embeddable":true,"href":"https:\/\/jms.com.bo\/mediamonitor\/wp-json\/wp\/v2\/media\/60705"}],"wp:attachment":[{"href":"https:\/\/jms.com.bo\/mediamonitor\/wp-json\/wp\/v2\/media?parent=60704"}],"wp:term":[{"taxonomy":"category","embeddable":true,"href":"https:\/\/jms.com.bo\/mediamonitor\/wp-json\/wp\/v2\/categories?post=60704"},{"taxonomy":"post_tag","embeddable":true,"href":"https:\/\/jms.com.bo\/mediamonitor\/wp-json\/wp\/v2\/tags?post=60704"}],"curies":[{"name":"wp","href":"https:\/\/api.w.org\/{rel}","templated":true}]}}