{"id":60719,"date":"2023-11-08T06:34:49","date_gmt":"2023-11-08T10:34:49","guid":{"rendered":"https:\/\/jms.com.bo\/mediamonitor\/2023\/11\/08\/red-de-medicina-nuclear-presto-20-530-atenciones\/"},"modified":"2023-11-08T06:34:49","modified_gmt":"2023-11-08T10:34:49","slug":"red-de-medicina-nuclear-presto-20-530-atenciones","status":"publish","type":"post","link":"https:\/\/jms.com.bo\/mediamonitor\/2023\/11\/08\/red-de-medicina-nuclear-presto-20-530-atenciones\/","title":{"rendered":"Red de medicina nuclear prest\u00f3 20.530 atenciones"},"content":{"rendered":"<p style=\"text-align: justify;\">A la fecha, la Red de Centros de Medicina Nuclear y Radioterapia (CMNyR) prest\u00f3 20.530 atenciones a pacientes con c\u00e1ncer, en tanto el Ciclotr\u00f3n Radiofamacia Precl\u00ednica atendi\u00f3 a m\u00e1s de 500 pacientes, inform\u00f3 este martes el presidente Luis Arce.<\/p>\n<p style=\"text-align: justify;\">\u201cCon un promedio de m\u00e1s de 50 atenciones por d\u00eda, nuestra Red de Centros de Medicina Nuclear y Radioterapia de El Alto y Santa Cruz realiz\u00f3 hasta el momento 20.530 atenciones a nuestra poblaci\u00f3n: 13.469 en radioterapia externa, 3.768 en oncolog\u00eda cl\u00ednica, 1.153 en medicina nuclear, 1.539 en nutrici\u00f3n y psicolog\u00eda y 601 en radioterapia interna\u201d, explic\u00f3.<\/p>\n<p style=\"text-align: justify;\">Adem\u00e1s, destac\u00f3 que el Complejo Ciclotr\u00f3n Radiofamacia Precl\u00ednica atendi\u00f3 a m\u00e1s de 500 pacientes.<\/p>\n<p style=\"text-align: justify;\">\u201cEn nuestro Complejo Ciclotr\u00f3n Radiofamacia Precl\u00ednica ya producimos de manera soberana 15.568 milicuries (mCi) del radiof\u00e1rmaco Fluorodesoxiglucosa &#8211; FDG, atendiendo a m\u00e1s de 500 pacientes. Ingresamos en una nueva era en la que usamos la tecnolog\u00eda nuclear para dar esperanza a quienes padecen c\u00e1ncer\u201d, inform\u00f3 en un post en sus cuentas sociales.<\/p>\n<p style=\"text-align: justify;\">La Red de Medicina Nuclear y Radioterapia est\u00e1 conformada por el centro instalado en la ciudad de El Alto, inaugurado el 6 de marzo de 2022, y el emplazado en Santa Cruz de la Sierra, que comenz\u00f3 operaciones el 23 de septiembre de mismo a\u00f1o.<\/p>\n<p style=\"text-align: justify;\">La Red se completar\u00e1 con un tercer centro en la ciudad de La Paz.<\/p>\n<p style=\"text-align: justify;\">\u201cEstos Centros se han convertido en una esperanza para quienes padecen de c\u00e1ncer. Muy pronto completaremos la Red con la puesta en marcha del CMNyR La Paz, lo que consolidar\u00e1 este proyecto de medicina nuclear que ayudar\u00e1 a salvar m\u00e1s vidas\u201d, resalt\u00f3 la directora de la Agencia Boliviana de Energ\u00eda Nuclear, Hortensia Jim\u00e9nez.<\/p>\n","protected":false},"excerpt":{"rendered":"<p>A la fecha, la Red de Centros de Medicina Nuclear y Radioterapia (CMNyR) prest\u00f3 20.530 atenciones a pacientes con c\u00e1ncer, en tanto el Ciclotr\u00f3n Radiofamacia Precl\u00ednica atendi\u00f3 a m\u00e1s de 500 pacientes, inform\u00f3 este martes el presidente Luis Arce. \u201cCon un promedio de m\u00e1s de 50 atenciones por d\u00eda, nuestra Red de Centros de Medicina [&hellip;]<\/p>\n","protected":false},"author":4,"featured_media":60720,"comment_status":"open","ping_status":"closed","sticky":false,"template":"","format":"standard","meta":{"footnotes":""},"categories":[53],"tags":[],"class_list":{"0":"post-60719","1":"post","2":"type-post","3":"status-publish","4":"format-standard","5":"has-post-thumbnail","7":"category-salud"},"_links":{"self":[{"href":"https:\/\/jms.com.bo\/mediamonitor\/wp-json\/wp\/v2\/posts\/60719","targetHints":{"allow":["GET"]}}],"collection":[{"href":"https:\/\/jms.com.bo\/mediamonitor\/wp-json\/wp\/v2\/posts"}],"about":[{"href":"https:\/\/jms.com.bo\/mediamonitor\/wp-json\/wp\/v2\/types\/post"}],"author":[{"embeddable":true,"href":"https:\/\/jms.com.bo\/mediamonitor\/wp-json\/wp\/v2\/users\/4"}],"replies":[{"embeddable":true,"href":"https:\/\/jms.com.bo\/mediamonitor\/wp-json\/wp\/v2\/comments?post=60719"}],"version-history":[{"count":0,"href":"https:\/\/jms.com.bo\/mediamonitor\/wp-json\/wp\/v2\/posts\/60719\/revisions"}],"wp:featuredmedia":[{"embeddable":true,"href":"https:\/\/jms.com.bo\/mediamonitor\/wp-json\/wp\/v2\/media\/60720"}],"wp:attachment":[{"href":"https:\/\/jms.com.bo\/mediamonitor\/wp-json\/wp\/v2\/media?parent=60719"}],"wp:term":[{"taxonomy":"category","embeddable":true,"href":"https:\/\/jms.com.bo\/mediamonitor\/wp-json\/wp\/v2\/categories?post=60719"},{"taxonomy":"post_tag","embeddable":true,"href":"https:\/\/jms.com.bo\/mediamonitor\/wp-json\/wp\/v2\/tags?post=60719"}],"curies":[{"name":"wp","href":"https:\/\/api.w.org\/{rel}","templated":true}]}}