{"id":60721,"date":"2023-11-08T06:36:44","date_gmt":"2023-11-08T10:36:44","guid":{"rendered":"https:\/\/jms.com.bo\/mediamonitor\/2023\/11\/08\/encuentran-otra-nina-con-meningitis-esta-vez-en-oruro-es-la-tercera-en-dos-semanas\/"},"modified":"2023-11-08T06:36:44","modified_gmt":"2023-11-08T10:36:44","slug":"encuentran-otra-nina-con-meningitis-esta-vez-en-oruro-es-la-tercera-en-dos-semanas","status":"publish","type":"post","link":"https:\/\/jms.com.bo\/mediamonitor\/2023\/11\/08\/encuentran-otra-nina-con-meningitis-esta-vez-en-oruro-es-la-tercera-en-dos-semanas\/","title":{"rendered":"Encuentran otra ni\u00f1a con meningitis, esta vez en Oruro; es la tercera en dos semanas"},"content":{"rendered":"<p style=\"text-align: justify;\">A menos de un mes de confirmarse dos casos de meningitis en La Paz, un nuevo paciente positivo a esta enfermedad fue identificado esta vez en el departamento de Oruro. Al igual que los primeros contagios, la v\u00edctima es menor de edad.<\/p>\n<p style=\"text-align: justify;\">\u201cSe ha reportado un caso positivo para meningitis bacteriana por estreptococo pneumoniae. El caso se ha notificado el mi\u00e9rcoles de la anterior semana, fecha en la cual la Unidad de Epidemiolog\u00eda se ha constituido a la cl\u00ednica y hemos realizado diferentes acciones entre recabar informaci\u00f3n, coordinar con la cl\u00ednica, evidenciar las medidas de aislamiento, de bioseguridad que se ten\u00eda\u201d, explic\u00f3 la responsable de la Unidad de Epidemiologia del Servicio Departamental de Salud (Sedes) Oruro, Ana Cuellar Salazar.<\/p>\n<p style=\"text-align: justify;\">La peque\u00f1a paciente se encuentra delicada de salud y a\u00fan hospitalizada. La meningitis produce la inflamaci\u00f3n de los tejidos que rodean el cerebro y m\u00e9dula espinal. Su atenci\u00f3n debe ser urgente, pues puede ser mortal.<\/p>\n<p style=\"text-align: justify;\">\u201cSe trata de una ni\u00f1a de cuatro a\u00f1os y 11 meses, ella est\u00e1 internada en terapia intensiva pedi\u00e1trica; est\u00e1 siendo monitoreada por especialistas que al momento est\u00e1n pr\u00e1cticamente al lado de ella y nos informan a nosotros en cada momento como se encuentra. Su situaci\u00f3n en este momento es a\u00fan inestable\u201d, dijo Cuellar.<\/p>\n<p style=\"text-align: justify;\">MENINGITIS<\/p>\n<p style=\"text-align: justify;\">Este es el tercer caso que se reporta en el pa\u00eds en menos de dos semanas. El 30 de octubre, el Sedes La Paz confirm\u00f3 dos contagios tambi\u00e9n en menores de edad, de seis y ocho a\u00f1os; ambos positivos a \u2018streptococcus pneumoniae\u2019. Estos dos positivos encendieron la alarma.<\/p>\n<p style=\"text-align: justify;\">\u201cEn comunicaci\u00f3n con la informaci\u00f3n que se ten\u00eda de los casos reportados en la ciudad de La Paz hemos emitido un comunicado a la red de servicio tanto p\u00fablica como privada para que ellos est\u00e9n atentos a la presencia de la ocurrencia de casos y es as\u00ed que se nos ha identificado este primer caso (del departamento). Toda nuestra red est\u00e1 atenta a los signos, s\u00edntomas\u201d.<\/p>\n<p style=\"text-align: justify;\">Al igual que sucedi\u00f3 con la unidad educativa de los dos primeros ni\u00f1os contagiados, en este tercer caso el Sedes determin\u00f3 tambi\u00e9n intervenir el colegio de la paciente y fumigarlo, as\u00ed como suspender las clases preventivamente; de esta manera se busca evitar que se genere un foco de infecci\u00f3n.<\/p>\n<p style=\"text-align: justify;\">\u201cSe ha hecho la limpieza y fumigaci\u00f3n del colegio, las clases est\u00e1n suspendidas para el turno ma\u00f1ana con vigilancia activa de los s\u00edntomas y signos en los ni\u00f1os\u201d.<\/p>\n","protected":false},"excerpt":{"rendered":"<p>A menos de un mes de confirmarse dos casos de meningitis en La Paz, un nuevo paciente positivo a esta enfermedad fue identificado esta vez en el departamento de Oruro. Al igual que los primeros contagios, la v\u00edctima es menor de edad. \u201cSe ha reportado un caso positivo para meningitis bacteriana por estreptococo pneumoniae. El [&hellip;]<\/p>\n","protected":false},"author":4,"featured_media":60722,"comment_status":"open","ping_status":"closed","sticky":false,"template":"","format":"standard","meta":{"footnotes":""},"categories":[53],"tags":[],"class_list":{"0":"post-60721","1":"post","2":"type-post","3":"status-publish","4":"format-standard","5":"has-post-thumbnail","7":"category-salud"},"_links":{"self":[{"href":"https:\/\/jms.com.bo\/mediamonitor\/wp-json\/wp\/v2\/posts\/60721","targetHints":{"allow":["GET"]}}],"collection":[{"href":"https:\/\/jms.com.bo\/mediamonitor\/wp-json\/wp\/v2\/posts"}],"about":[{"href":"https:\/\/jms.com.bo\/mediamonitor\/wp-json\/wp\/v2\/types\/post"}],"author":[{"embeddable":true,"href":"https:\/\/jms.com.bo\/mediamonitor\/wp-json\/wp\/v2\/users\/4"}],"replies":[{"embeddable":true,"href":"https:\/\/jms.com.bo\/mediamonitor\/wp-json\/wp\/v2\/comments?post=60721"}],"version-history":[{"count":0,"href":"https:\/\/jms.com.bo\/mediamonitor\/wp-json\/wp\/v2\/posts\/60721\/revisions"}],"wp:featuredmedia":[{"embeddable":true,"href":"https:\/\/jms.com.bo\/mediamonitor\/wp-json\/wp\/v2\/media\/60722"}],"wp:attachment":[{"href":"https:\/\/jms.com.bo\/mediamonitor\/wp-json\/wp\/v2\/media?parent=60721"}],"wp:term":[{"taxonomy":"category","embeddable":true,"href":"https:\/\/jms.com.bo\/mediamonitor\/wp-json\/wp\/v2\/categories?post=60721"},{"taxonomy":"post_tag","embeddable":true,"href":"https:\/\/jms.com.bo\/mediamonitor\/wp-json\/wp\/v2\/tags?post=60721"}],"curies":[{"name":"wp","href":"https:\/\/api.w.org\/{rel}","templated":true}]}}